{"id":114844,"date":"2023-09-05T16:58:10","date_gmt":"2023-09-05T16:58:10","guid":{"rendered":"https:\/\/edenred.pt\/uncategorized\/food-barometer-2023-we-want-to-know-more-about-your-eating-habits\/"},"modified":"2025-01-30T10:06:31","modified_gmt":"2025-01-30T10:06:31","slug":"food-barometer-2023-we-want-to-know-more-about-your-eating-habits","status":"publish","type":"post","link":"https:\/\/www.edenred.pt\/en\/news\/food\/food-barometer-2023-we-want-to-know-more-about-your-eating-habits\/","title":{"rendered":"FOOD Barometer 2023: We want to know more about your eating habits"},"content":{"rendered":"\n<p>Two of Edenred&#8217;s major commitments are to improve people&#8217;s lives and preserve the planet and, in this context, issues such as healthy and sustainable food are of fundamental importance.<\/p>\n\n\n\n<p>Every year, Edenred promotes the <a href=\"https:\/\/edenred.pt\/en\/about-us\/food-barometer-2023\/\" target=\"_blank\" rel=\"noreferrer noopener\">FOOD Barometer<\/a>, an initiative developed under the FOOD Program that aims to <strong>learn about the population&#8217;s eating habits<\/strong> and find <strong>trends in the<\/strong> <strong>demand for and supply of healthy and nutritionally balanced meals<\/strong>.<\/p>\n\n\n\n<p>It is a questionnaire aimed at consumers (workers who use Edenred social benefits) and restaurants (and other food retail establishments), which asks questions on topics such as <strong>healthy eating, food waste or the impact of inflation on eating habits<\/strong>.<\/p>\n\n\n\n<p>Can we count on your contribution? Please respond using one of the buttons below. <\/p>\n\n\n\n<div class=\"wp-block-buttons is-content-justification-center is-layout-flex wp-container-core-buttons-is-layout-a89b3969 wp-block-buttons-is-layout-flex\">\n<div class=\"wp-block-button has-custom-font-size has-small-font-size\"><a class=\"wp-block-button__link has-background-color has-primary-background-color has-text-color has-background wp-element-button\" href=\"https:\/\/forms.office.com\/pages\/responsepage.aspx?id=D54dTCdcKEKjWt57QIP_e0Nt-hUhzXpJgY5GmlRjlc9UMkNMRFFaRklYTkpJSjgxRTQyMlNLSzM1Vi4u\" style=\"padding-top:var(--wp--preset--spacing--40);padding-right:var(--wp--preset--spacing--40);padding-bottom:var(--wp--preset--spacing--40);padding-left:var(--wp--preset--spacing--40)\" target=\"_blank\" rel=\"noreferrer noopener\">Questionnaire for consumers<\/a><\/div>\n\n\n\n<div class=\"wp-block-button has-custom-font-size has-small-font-size\"><a class=\"wp-block-button__link has-background-color has-primary-background-color has-text-color has-background wp-element-button\" href=\"https:\/\/forms.office.com\/pages\/responsepage.aspx?id=D54dTCdcKEKjWt57QIP_e0Nt-hUhzXpJgY5GmlRjlc9UMTlEM1JLOTNLN1lPNVJVTDczR0RYTTNRMy4u\" style=\"padding-top:var(--wp--preset--spacing--40);padding-right:var(--wp--preset--spacing--40);padding-bottom:var(--wp--preset--spacing--40);padding-left:var(--wp--preset--spacing--40)\" target=\"_blank\" rel=\"noreferrer noopener\">Questionnaire for restaurants<\/a><\/div>\n<\/div>\n\n\n\n<p><\/p>\n\n\n\n<h2 class=\"wp-block-heading\">What is the FOOD Program?<\/h2>\n\n\n\n<p>The <a href=\"https:\/\/edenred.pt\/en\/about-us\/sustainability\/food-program\/\" target=\"_blank\" rel=\"noreferrer noopener\">FOOD Program<\/a> &#8211; <em>Fighting Obesity through Offer and Demand<\/em> &#8211; was launched in 2009 by the Edenred Group with the support of the European Union and, in Portugal, is developed in partnership with Dire\u00e7\u00e3o-Geral da Sa\u00fade.<\/p>\n\n\n\n<p>This program has emerged as a response to the growing problem of obesity and aims to raise awareness:<\/p>\n\n\n\n<ul class=\"wp-block-list\">\n<li><strong>Consumers<\/strong>, so that they can make more nutritious and balanced food choices during their day-to-day work.<\/li>\n\n\n\n<li><strong>Restaurants and food establishments<\/strong>, so that they improve the nutritional quality of the meals and food provided.<\/li>\n<\/ul>\n\n\n\n<p><br>Thank you for your cooperation! Stay tuned for the results of the FOOD Barometer, which will be released in November 2023. <\/p>\n\n\n\n<p><\/p>\n","protected":false},"excerpt":{"rendered":"Two of Edenred&#8217;s major commitments are to improve people&#8217;s lives and preserve the planet and, in this context, issues such as healthy and sustainable food are of fundamental importance. Every year, Edenred promotes the FOOD Barometer, an initiative developed under the FOOD Program that aims to learn about the population&#8217;s eating habits and find trends&#8230;","protected":false},"author":4,"featured_media":112096,"comment_status":"closed","ping_status":"closed","sticky":false,"template":"","format":"standard","meta":{"_acf_changed":false,"content-type":"","inline_featured_image":false,"footnotes":""},"categories":[124,221],"tags":[222],"target":[128],"class_list":["post-114844","post","type-post","status-publish","format-standard","has-post-thumbnail","hentry","category-edenred","category-food","tag-food-program","target-user"],"acf":[],"yoast_head":"<!-- This site is optimized with the Yoast SEO plugin v27.3 - https:\/\/yoast.com\/product\/yoast-seo-wordpress\/ -->\n<title>FOOD Barometer 2023: We want to know more about your eating habits - Edenred Portugal<\/title>\n<meta name=\"description\" content=\"Every year, Edenred promotes the FOOD Barometer, which aims to find out about the eating habits of the Portuguese working population.\" \/>\n<meta name=\"robots\" content=\"index, follow, max-snippet:-1, max-image-preview:large, max-video-preview:-1\" \/>\n<link rel=\"canonical\" href=\"https:\/\/www.edenred.pt\/en\/news\/food\/food-barometer-2023-we-want-to-know-more-about-your-eating-habits\/\" \/>\n<meta property=\"og:locale\" content=\"en_US\" \/>\n<meta property=\"og:type\" content=\"article\" \/>\n<meta property=\"og:title\" content=\"FOOD Barometer 2023: We want to know more about your eating habits - Edenred Portugal\" \/>\n<meta property=\"og:description\" content=\"Every year, Edenred promotes the FOOD Barometer, which aims to find out about the eating habits of the Portuguese working population.\" \/>\n<meta property=\"og:url\" content=\"https:\/\/www.edenred.pt\/en\/news\/food\/food-barometer-2023-we-want-to-know-more-about-your-eating-habits\/\" \/>\n<meta property=\"og:site_name\" content=\"Edenred Portugal\" \/>\n<meta property=\"article:publisher\" content=\"https:\/\/www.facebook.com\/edenred.portugal\" \/>\n<meta property=\"article:published_time\" content=\"2023-09-05T16:58:10+00:00\" \/>\n<meta property=\"article:modified_time\" content=\"2025-01-30T10:06:31+00:00\" \/>\n<meta property=\"og:image\" content=\"https:\/\/edenred.pt\/wp-content\/uploads\/2023\/09\/Barometro-FOOD-2023.jpg\" \/>\n\t<meta property=\"og:image:width\" content=\"2500\" \/>\n\t<meta property=\"og:image:height\" content=\"1500\" \/>\n\t<meta property=\"og:image:type\" content=\"image\/jpeg\" \/>\n<meta name=\"author\" content=\"Eduardo Tavares\" \/>\n<meta name=\"twitter:card\" content=\"summary_large_image\" \/>\n<meta name=\"twitter:label1\" content=\"Written by\" \/>\n\t<meta name=\"twitter:data1\" content=\"Eduardo Tavares\" \/>\n\t<meta name=\"twitter:label2\" content=\"Est. reading time\" \/>\n\t<meta name=\"twitter:data2\" content=\"2 minutes\" \/>\n<script type=\"application\/ld+json\" class=\"yoast-schema-graph\">{\"@context\":\"https:\\\/\\\/schema.org\",\"@graph\":[{\"@type\":\"Article\",\"@id\":\"https:\\\/\\\/www.edenred.pt\\\/en\\\/news\\\/food\\\/food-barometer-2023-we-want-to-know-more-about-your-eating-habits\\\/#article\",\"isPartOf\":{\"@id\":\"https:\\\/\\\/www.edenred.pt\\\/en\\\/news\\\/food\\\/food-barometer-2023-we-want-to-know-more-about-your-eating-habits\\\/\"},\"author\":{\"name\":\"Eduardo Tavares\",\"@id\":\"https:\\\/\\\/edenred.pt\\\/#\\\/schema\\\/person\\\/d8f44f3ed76bdfb743abb900b1b038bb\"},\"headline\":\"FOOD Barometer 2023: We want to know more about your eating habits\",\"datePublished\":\"2023-09-05T16:58:10+00:00\",\"dateModified\":\"2025-01-30T10:06:31+00:00\",\"mainEntityOfPage\":{\"@id\":\"https:\\\/\\\/www.edenred.pt\\\/en\\\/news\\\/food\\\/food-barometer-2023-we-want-to-know-more-about-your-eating-habits\\\/\"},\"wordCount\":251,\"publisher\":{\"@id\":\"https:\\\/\\\/edenred.pt\\\/#organization\"},\"image\":{\"@id\":\"https:\\\/\\\/www.edenred.pt\\\/en\\\/news\\\/food\\\/food-barometer-2023-we-want-to-know-more-about-your-eating-habits\\\/#primaryimage\"},\"thumbnailUrl\":\"https:\\\/\\\/www.edenred.pt\\\/wp-content\\\/uploads\\\/2023\\\/09\\\/Barometro-FOOD-2023.jpg\",\"keywords\":[\"FOOD Program\"],\"articleSection\":[\"Edenred\",\"Food\"],\"inLanguage\":\"en-US\"},{\"@type\":\"WebPage\",\"@id\":\"https:\\\/\\\/www.edenred.pt\\\/en\\\/news\\\/food\\\/food-barometer-2023-we-want-to-know-more-about-your-eating-habits\\\/\",\"url\":\"https:\\\/\\\/www.edenred.pt\\\/en\\\/news\\\/food\\\/food-barometer-2023-we-want-to-know-more-about-your-eating-habits\\\/\",\"name\":\"FOOD Barometer 2023: We want to know more about your eating habits - Edenred Portugal\",\"isPartOf\":{\"@id\":\"https:\\\/\\\/edenred.pt\\\/#website\"},\"primaryImageOfPage\":{\"@id\":\"https:\\\/\\\/www.edenred.pt\\\/en\\\/news\\\/food\\\/food-barometer-2023-we-want-to-know-more-about-your-eating-habits\\\/#primaryimage\"},\"image\":{\"@id\":\"https:\\\/\\\/www.edenred.pt\\\/en\\\/news\\\/food\\\/food-barometer-2023-we-want-to-know-more-about-your-eating-habits\\\/#primaryimage\"},\"thumbnailUrl\":\"https:\\\/\\\/www.edenred.pt\\\/wp-content\\\/uploads\\\/2023\\\/09\\\/Barometro-FOOD-2023.jpg\",\"datePublished\":\"2023-09-05T16:58:10+00:00\",\"dateModified\":\"2025-01-30T10:06:31+00:00\",\"description\":\"Every year, Edenred promotes the FOOD Barometer, which aims to find out about the eating habits of the Portuguese working population.\",\"breadcrumb\":{\"@id\":\"https:\\\/\\\/www.edenred.pt\\\/en\\\/news\\\/food\\\/food-barometer-2023-we-want-to-know-more-about-your-eating-habits\\\/#breadcrumb\"},\"inLanguage\":\"en-US\",\"potentialAction\":[{\"@type\":\"ReadAction\",\"target\":[\"https:\\\/\\\/www.edenred.pt\\\/en\\\/news\\\/food\\\/food-barometer-2023-we-want-to-know-more-about-your-eating-habits\\\/\"]}]},{\"@type\":\"ImageObject\",\"inLanguage\":\"en-US\",\"@id\":\"https:\\\/\\\/www.edenred.pt\\\/en\\\/news\\\/food\\\/food-barometer-2023-we-want-to-know-more-about-your-eating-habits\\\/#primaryimage\",\"url\":\"https:\\\/\\\/www.edenred.pt\\\/wp-content\\\/uploads\\\/2023\\\/09\\\/Barometro-FOOD-2023.jpg\",\"contentUrl\":\"https:\\\/\\\/www.edenred.pt\\\/wp-content\\\/uploads\\\/2023\\\/09\\\/Barometro-FOOD-2023.jpg\",\"width\":2500,\"height\":1500,\"caption\":\"Bar\u00f3metro FOOD 2023\"},{\"@type\":\"BreadcrumbList\",\"@id\":\"https:\\\/\\\/www.edenred.pt\\\/en\\\/news\\\/food\\\/food-barometer-2023-we-want-to-know-more-about-your-eating-habits\\\/#breadcrumb\",\"itemListElement\":[{\"@type\":\"ListItem\",\"position\":1,\"name\":\"Start\",\"item\":\"https:\\\/\\\/www.edenred.pt\\\/en\\\/\"},{\"@type\":\"ListItem\",\"position\":2,\"name\":\"FOOD Barometer 2023: We want to know more about your eating habits\"}]},{\"@type\":\"WebSite\",\"@id\":\"https:\\\/\\\/edenred.pt\\\/#website\",\"url\":\"https:\\\/\\\/edenred.pt\\\/\",\"name\":\"Edenred Portugal\",\"description\":\"Edenred Portugal\",\"publisher\":{\"@id\":\"https:\\\/\\\/edenred.pt\\\/#organization\"},\"potentialAction\":[{\"@type\":\"SearchAction\",\"target\":{\"@type\":\"EntryPoint\",\"urlTemplate\":\"https:\\\/\\\/edenred.pt\\\/?s={search_term_string}\"},\"query-input\":{\"@type\":\"PropertyValueSpecification\",\"valueRequired\":true,\"valueName\":\"search_term_string\"}}],\"inLanguage\":\"en-US\"},{\"@type\":\"Organization\",\"@id\":\"https:\\\/\\\/edenred.pt\\\/#organization\",\"name\":\"Edenred\",\"url\":\"https:\\\/\\\/edenred.pt\\\/\",\"logo\":{\"@type\":\"ImageObject\",\"inLanguage\":\"en-US\",\"@id\":\"https:\\\/\\\/edenred.pt\\\/#\\\/schema\\\/logo\\\/image\\\/\",\"url\":\"https:\\\/\\\/www.edenred.pt\\\/wp-content\\\/uploads\\\/2022\\\/04\\\/logo-edenred.png\",\"contentUrl\":\"https:\\\/\\\/www.edenred.pt\\\/wp-content\\\/uploads\\\/2022\\\/04\\\/logo-edenred.png\",\"width\":176,\"height\":109,\"caption\":\"Edenred\"},\"image\":{\"@id\":\"https:\\\/\\\/edenred.pt\\\/#\\\/schema\\\/logo\\\/image\\\/\"},\"sameAs\":[\"https:\\\/\\\/www.facebook.com\\\/edenred.portugal\",\"https:\\\/\\\/www.instagram.com\\\/edenred.portugal\\\/\",\"https:\\\/\\\/www.linkedin.com\\\/company\\\/edenred-portugal\\\/\"]},{\"@type\":\"Person\",\"@id\":\"https:\\\/\\\/edenred.pt\\\/#\\\/schema\\\/person\\\/d8f44f3ed76bdfb743abb900b1b038bb\",\"name\":\"Eduardo Tavares\",\"image\":{\"@type\":\"ImageObject\",\"inLanguage\":\"en-US\",\"@id\":\"https:\\\/\\\/secure.gravatar.com\\\/avatar\\\/5f9496ddb263e597a5a7db1ae5d8b75b0e0a9accb5cbb4606e02aff1b079c3e3?s=96&d=mm&r=g\",\"url\":\"https:\\\/\\\/secure.gravatar.com\\\/avatar\\\/5f9496ddb263e597a5a7db1ae5d8b75b0e0a9accb5cbb4606e02aff1b079c3e3?s=96&d=mm&r=g\",\"contentUrl\":\"https:\\\/\\\/secure.gravatar.com\\\/avatar\\\/5f9496ddb263e597a5a7db1ae5d8b75b0e0a9accb5cbb4606e02aff1b079c3e3?s=96&d=mm&r=g\",\"caption\":\"Eduardo Tavares\"}}]}<\/script>\n<!-- \/ Yoast SEO plugin. -->","yoast_head_json":{"title":"FOOD Barometer 2023: We want to know more about your eating habits - Edenred Portugal","description":"Every year, Edenred promotes the FOOD Barometer, which aims to find out about the eating habits of the Portuguese working population.","robots":{"index":"index","follow":"follow","max-snippet":"max-snippet:-1","max-image-preview":"max-image-preview:large","max-video-preview":"max-video-preview:-1"},"canonical":"https:\/\/www.edenred.pt\/en\/news\/food\/food-barometer-2023-we-want-to-know-more-about-your-eating-habits\/","og_locale":"en_US","og_type":"article","og_title":"FOOD Barometer 2023: We want to know more about your eating habits - Edenred Portugal","og_description":"Every year, Edenred promotes the FOOD Barometer, which aims to find out about the eating habits of the Portuguese working population.","og_url":"https:\/\/www.edenred.pt\/en\/news\/food\/food-barometer-2023-we-want-to-know-more-about-your-eating-habits\/","og_site_name":"Edenred Portugal","article_publisher":"https:\/\/www.facebook.com\/edenred.portugal","article_published_time":"2023-09-05T16:58:10+00:00","article_modified_time":"2025-01-30T10:06:31+00:00","og_image":[{"width":2500,"height":1500,"url":"https:\/\/edenred.pt\/wp-content\/uploads\/2023\/09\/Barometro-FOOD-2023.jpg","type":"image\/jpeg"}],"author":"Eduardo Tavares","twitter_card":"summary_large_image","twitter_misc":{"Written by":"Eduardo Tavares","Est. reading time":"2 minutes"},"schema":{"@context":"https:\/\/schema.org","@graph":[{"@type":"Article","@id":"https:\/\/www.edenred.pt\/en\/news\/food\/food-barometer-2023-we-want-to-know-more-about-your-eating-habits\/#article","isPartOf":{"@id":"https:\/\/www.edenred.pt\/en\/news\/food\/food-barometer-2023-we-want-to-know-more-about-your-eating-habits\/"},"author":{"name":"Eduardo Tavares","@id":"https:\/\/edenred.pt\/#\/schema\/person\/d8f44f3ed76bdfb743abb900b1b038bb"},"headline":"FOOD Barometer 2023: We want to know more about your eating habits","datePublished":"2023-09-05T16:58:10+00:00","dateModified":"2025-01-30T10:06:31+00:00","mainEntityOfPage":{"@id":"https:\/\/www.edenred.pt\/en\/news\/food\/food-barometer-2023-we-want-to-know-more-about-your-eating-habits\/"},"wordCount":251,"publisher":{"@id":"https:\/\/edenred.pt\/#organization"},"image":{"@id":"https:\/\/www.edenred.pt\/en\/news\/food\/food-barometer-2023-we-want-to-know-more-about-your-eating-habits\/#primaryimage"},"thumbnailUrl":"https:\/\/www.edenred.pt\/wp-content\/uploads\/2023\/09\/Barometro-FOOD-2023.jpg","keywords":["FOOD Program"],"articleSection":["Edenred","Food"],"inLanguage":"en-US"},{"@type":"WebPage","@id":"https:\/\/www.edenred.pt\/en\/news\/food\/food-barometer-2023-we-want-to-know-more-about-your-eating-habits\/","url":"https:\/\/www.edenred.pt\/en\/news\/food\/food-barometer-2023-we-want-to-know-more-about-your-eating-habits\/","name":"FOOD Barometer 2023: We want to know more about your eating habits - Edenred Portugal","isPartOf":{"@id":"https:\/\/edenred.pt\/#website"},"primaryImageOfPage":{"@id":"https:\/\/www.edenred.pt\/en\/news\/food\/food-barometer-2023-we-want-to-know-more-about-your-eating-habits\/#primaryimage"},"image":{"@id":"https:\/\/www.edenred.pt\/en\/news\/food\/food-barometer-2023-we-want-to-know-more-about-your-eating-habits\/#primaryimage"},"thumbnailUrl":"https:\/\/www.edenred.pt\/wp-content\/uploads\/2023\/09\/Barometro-FOOD-2023.jpg","datePublished":"2023-09-05T16:58:10+00:00","dateModified":"2025-01-30T10:06:31+00:00","description":"Every year, Edenred promotes the FOOD Barometer, which aims to find out about the eating habits of the Portuguese working population.","breadcrumb":{"@id":"https:\/\/www.edenred.pt\/en\/news\/food\/food-barometer-2023-we-want-to-know-more-about-your-eating-habits\/#breadcrumb"},"inLanguage":"en-US","potentialAction":[{"@type":"ReadAction","target":["https:\/\/www.edenred.pt\/en\/news\/food\/food-barometer-2023-we-want-to-know-more-about-your-eating-habits\/"]}]},{"@type":"ImageObject","inLanguage":"en-US","@id":"https:\/\/www.edenred.pt\/en\/news\/food\/food-barometer-2023-we-want-to-know-more-about-your-eating-habits\/#primaryimage","url":"https:\/\/www.edenred.pt\/wp-content\/uploads\/2023\/09\/Barometro-FOOD-2023.jpg","contentUrl":"https:\/\/www.edenred.pt\/wp-content\/uploads\/2023\/09\/Barometro-FOOD-2023.jpg","width":2500,"height":1500,"caption":"Bar\u00f3metro FOOD 2023"},{"@type":"BreadcrumbList","@id":"https:\/\/www.edenred.pt\/en\/news\/food\/food-barometer-2023-we-want-to-know-more-about-your-eating-habits\/#breadcrumb","itemListElement":[{"@type":"ListItem","position":1,"name":"Start","item":"https:\/\/www.edenred.pt\/en\/"},{"@type":"ListItem","position":2,"name":"FOOD Barometer 2023: We want to know more about your eating habits"}]},{"@type":"WebSite","@id":"https:\/\/edenred.pt\/#website","url":"https:\/\/edenred.pt\/","name":"Edenred Portugal","description":"Edenred Portugal","publisher":{"@id":"https:\/\/edenred.pt\/#organization"},"potentialAction":[{"@type":"SearchAction","target":{"@type":"EntryPoint","urlTemplate":"https:\/\/edenred.pt\/?s={search_term_string}"},"query-input":{"@type":"PropertyValueSpecification","valueRequired":true,"valueName":"search_term_string"}}],"inLanguage":"en-US"},{"@type":"Organization","@id":"https:\/\/edenred.pt\/#organization","name":"Edenred","url":"https:\/\/edenred.pt\/","logo":{"@type":"ImageObject","inLanguage":"en-US","@id":"https:\/\/edenred.pt\/#\/schema\/logo\/image\/","url":"https:\/\/www.edenred.pt\/wp-content\/uploads\/2022\/04\/logo-edenred.png","contentUrl":"https:\/\/www.edenred.pt\/wp-content\/uploads\/2022\/04\/logo-edenred.png","width":176,"height":109,"caption":"Edenred"},"image":{"@id":"https:\/\/edenred.pt\/#\/schema\/logo\/image\/"},"sameAs":["https:\/\/www.facebook.com\/edenred.portugal","https:\/\/www.instagram.com\/edenred.portugal\/","https:\/\/www.linkedin.com\/company\/edenred-portugal\/"]},{"@type":"Person","@id":"https:\/\/edenred.pt\/#\/schema\/person\/d8f44f3ed76bdfb743abb900b1b038bb","name":"Eduardo Tavares","image":{"@type":"ImageObject","inLanguage":"en-US","@id":"https:\/\/secure.gravatar.com\/avatar\/5f9496ddb263e597a5a7db1ae5d8b75b0e0a9accb5cbb4606e02aff1b079c3e3?s=96&d=mm&r=g","url":"https:\/\/secure.gravatar.com\/avatar\/5f9496ddb263e597a5a7db1ae5d8b75b0e0a9accb5cbb4606e02aff1b079c3e3?s=96&d=mm&r=g","contentUrl":"https:\/\/secure.gravatar.com\/avatar\/5f9496ddb263e597a5a7db1ae5d8b75b0e0a9accb5cbb4606e02aff1b079c3e3?s=96&d=mm&r=g","caption":"Eduardo Tavares"}}]}},"_links":{"self":[{"href":"https:\/\/www.edenred.pt\/en\/wp-json\/wp\/v2\/posts\/114844","targetHints":{"allow":["GET"]}}],"collection":[{"href":"https:\/\/www.edenred.pt\/en\/wp-json\/wp\/v2\/posts"}],"about":[{"href":"https:\/\/www.edenred.pt\/en\/wp-json\/wp\/v2\/types\/post"}],"author":[{"embeddable":true,"href":"https:\/\/www.edenred.pt\/en\/wp-json\/wp\/v2\/users\/4"}],"replies":[{"embeddable":true,"href":"https:\/\/www.edenred.pt\/en\/wp-json\/wp\/v2\/comments?post=114844"}],"version-history":[{"count":4,"href":"https:\/\/www.edenred.pt\/en\/wp-json\/wp\/v2\/posts\/114844\/revisions"}],"predecessor-version":[{"id":116668,"href":"https:\/\/www.edenred.pt\/en\/wp-json\/wp\/v2\/posts\/114844\/revisions\/116668"}],"wp:featuredmedia":[{"embeddable":true,"href":"https:\/\/www.edenred.pt\/en\/wp-json\/wp\/v2\/media\/112096"}],"wp:attachment":[{"href":"https:\/\/www.edenred.pt\/en\/wp-json\/wp\/v2\/media?parent=114844"}],"wp:term":[{"taxonomy":"category","embeddable":true,"href":"https:\/\/www.edenred.pt\/en\/wp-json\/wp\/v2\/categories?post=114844"},{"taxonomy":"post_tag","embeddable":true,"href":"https:\/\/www.edenred.pt\/en\/wp-json\/wp\/v2\/tags?post=114844"},{"taxonomy":"target","embeddable":true,"href":"https:\/\/www.edenred.pt\/en\/wp-json\/wp\/v2\/target?post=114844"}],"curies":[{"name":"wp","href":"https:\/\/api.w.org\/{rel}","templated":true}]}}