{"id":114853,"date":"2024-08-01T13:00:20","date_gmt":"2024-08-01T13:00:20","guid":{"rendered":"https:\/\/edenred.pt\/uncategorized\/food-barometer-2024-help-us-find-out-about-the-eating-habits-of-the-portuguese\/"},"modified":"2025-01-30T10:08:42","modified_gmt":"2025-01-30T10:08:42","slug":"food-barometer-2024-eating-habits-of-the-portuguese","status":"publish","type":"post","link":"https:\/\/www.edenred.pt\/en\/news\/edenred\/food-barometer-2024-eating-habits-of-the-portuguese\/","title":{"rendered":"FOOD Barometer 2024: Help us find out about the eating habits of the Portuguese"},"content":{"rendered":"\n<p>Since its inception, Edenred has made it its mission to improve people&#8217;s quality of life, add value to society and contribute to the preservation of the planet.<\/p>\n\n\n\n<p>This strong social and environmental commitment is reflected in the <a href=\"https:\/\/edenred.pt\/en\/about-us\/sustainability\/\" target=\"_blank\" rel=\"noreferrer noopener\">Ideal Policy<\/a>, which includes concrete measures to meet various targets, including the promotion of healthy and sustainable eating and the fight against food waste.<\/p>\n\n\n\n<p>In this context, Edenred promotes the <strong>FOOD Barometer<\/strong> every year. This initiative &#8211; developed under the <a href=\"https:\/\/edenred.pt\/en\/about-us\/sustainability\/food-program\/\" target=\"_blank\" rel=\"noreferrer noopener\">FOOD Program<\/a> with the support of the European Union and Dire\u00e7\u00e3o-Geral da Sa\u00fade &#8211; aims to find out about the <strong>population&#8217;s eating habits<\/strong> and find trends in the demand for and supply of healthy and nutritionally balanced meals.<\/p>\n\n\n\n<p>This questionnaire, which asks questions on topics such as healthy eating, food waste or the impact of inflation on eating habits, is aimed at..:<\/p>\n\n\n\n<ul class=\"wp-block-list\">\n<li>Consumers (workers who use a meal card);<\/li>\n\n\n\n<li>Restaurant managers (and other food retail establishments).<\/li>\n<\/ul>\n\n\n\n<p>Can we count on your contribution? Please respond using one of the buttons below. <\/p>\n\n\n\n<div class=\"wp-block-buttons is-content-justification-center is-layout-flex wp-container-core-buttons-is-layout-a89b3969 wp-block-buttons-is-layout-flex\">\n<div class=\"wp-block-button has-custom-font-size has-small-font-size\"><a class=\"wp-block-button__link has-background-color has-primary-background-color has-text-color has-background wp-element-button\" href=\"https:\/\/form.typeform.com\/to\/fcW4376U\" style=\"padding-top:var(--wp--preset--spacing--40);padding-right:var(--wp--preset--spacing--40);padding-bottom:var(--wp--preset--spacing--40);padding-left:var(--wp--preset--spacing--40)\" target=\"_blank\" rel=\"noreferrer noopener\">Questionnaire for consumers<\/a><\/div>\n\n\n\n<div class=\"wp-block-button has-custom-font-size has-small-font-size\"><a class=\"wp-block-button__link has-background-color has-primary-background-color has-text-color has-background wp-element-button\" href=\"https:\/\/form.typeform.com\/to\/GynCeFtX\" style=\"padding-top:var(--wp--preset--spacing--40);padding-right:var(--wp--preset--spacing--40);padding-bottom:var(--wp--preset--spacing--40);padding-left:var(--wp--preset--spacing--40)\" target=\"_blank\" rel=\"noreferrer noopener\">Questionnaire for restaurants<\/a><\/div>\n<\/div>\n\n\n\n<h2 class=\"wp-block-heading\"><\/h2>\n\n\n\n<p>Thank you for your cooperation with this questionnaire!<\/p>\n\n\n\n<p>Stay tuned for the results of the FOOD Barometer 2024, which will be released in October, and discover the main trends in Portugal and around the world!<\/p>\n\n\n\n<p><\/p>\n","protected":false},"excerpt":{"rendered":"Since its inception, Edenred has made it its mission to improve people&#8217;s quality of life, add value to society and contribute to the preservation of the planet. This strong social and environmental commitment is reflected in the Ideal Policy, which includes concrete measures to meet various targets, including the promotion of healthy and sustainable eating&#8230;","protected":false},"author":4,"featured_media":114366,"comment_status":"closed","ping_status":"closed","sticky":false,"template":"","format":"standard","meta":{"_acf_changed":false,"content-type":"","inline_featured_image":false,"footnotes":""},"categories":[124,221],"tags":[222],"target":[128],"class_list":["post-114853","post","type-post","status-publish","format-standard","has-post-thumbnail","hentry","category-edenred","category-food","tag-food-program","target-user"],"acf":[],"yoast_head":"<!-- This site is optimized with the Yoast SEO plugin v27.3 - https:\/\/yoast.com\/product\/yoast-seo-wordpress\/ -->\n<title>FOOD Barometer 2024: Help us find out about the eating habits of the Portuguese - Edenred Portugal<\/title>\n<meta name=\"description\" content=\"The FOOD Barometer 2024 aims to find out about the eating habits of the working population. Let us know what you think!\" \/>\n<meta name=\"robots\" content=\"index, follow, max-snippet:-1, max-image-preview:large, max-video-preview:-1\" \/>\n<link rel=\"canonical\" href=\"https:\/\/www.edenred.pt\/en\/news\/edenred\/food-barometer-2024-eating-habits-of-the-portuguese\/\" \/>\n<meta property=\"og:locale\" content=\"en_US\" \/>\n<meta property=\"og:type\" content=\"article\" \/>\n<meta property=\"og:title\" content=\"FOOD Barometer 2024: Help us find out about the eating habits of the Portuguese - Edenred Portugal\" \/>\n<meta property=\"og:description\" content=\"The FOOD Barometer 2024 aims to find out about the eating habits of the working population. Let us know what you think!\" \/>\n<meta property=\"og:url\" content=\"https:\/\/www.edenred.pt\/en\/news\/edenred\/food-barometer-2024-eating-habits-of-the-portuguese\/\" \/>\n<meta property=\"og:site_name\" content=\"Edenred Portugal\" \/>\n<meta property=\"article:publisher\" content=\"https:\/\/www.facebook.com\/edenred.portugal\" \/>\n<meta property=\"article:published_time\" content=\"2024-08-01T13:00:20+00:00\" \/>\n<meta property=\"article:modified_time\" content=\"2025-01-30T10:08:42+00:00\" \/>\n<meta property=\"og:image\" content=\"https:\/\/edenred.pt\/wp-content\/uploads\/2024\/10\/Barometro-FOOD-2024-scaled.jpg\" \/>\n\t<meta property=\"og:image:width\" content=\"2560\" \/>\n\t<meta property=\"og:image:height\" content=\"1707\" \/>\n\t<meta property=\"og:image:type\" content=\"image\/jpeg\" \/>\n<meta name=\"author\" content=\"Eduardo Tavares\" \/>\n<meta name=\"twitter:card\" content=\"summary_large_image\" \/>\n<meta name=\"twitter:label1\" content=\"Written by\" \/>\n\t<meta name=\"twitter:data1\" content=\"Eduardo Tavares\" \/>\n\t<meta name=\"twitter:label2\" content=\"Est. reading time\" \/>\n\t<meta name=\"twitter:data2\" content=\"2 minutes\" \/>\n<script type=\"application\/ld+json\" class=\"yoast-schema-graph\">{\"@context\":\"https:\\\/\\\/schema.org\",\"@graph\":[{\"@type\":\"Article\",\"@id\":\"https:\\\/\\\/www.edenred.pt\\\/en\\\/news\\\/edenred\\\/food-barometer-2024-eating-habits-of-the-portuguese\\\/#article\",\"isPartOf\":{\"@id\":\"https:\\\/\\\/www.edenred.pt\\\/en\\\/news\\\/edenred\\\/food-barometer-2024-eating-habits-of-the-portuguese\\\/\"},\"author\":{\"name\":\"Eduardo Tavares\",\"@id\":\"https:\\\/\\\/edenred.pt\\\/#\\\/schema\\\/person\\\/d8f44f3ed76bdfb743abb900b1b038bb\"},\"headline\":\"FOOD Barometer 2024: Help us find out about the eating habits of the Portuguese\",\"datePublished\":\"2024-08-01T13:00:20+00:00\",\"dateModified\":\"2025-01-30T10:08:42+00:00\",\"mainEntityOfPage\":{\"@id\":\"https:\\\/\\\/www.edenred.pt\\\/en\\\/news\\\/edenred\\\/food-barometer-2024-eating-habits-of-the-portuguese\\\/\"},\"wordCount\":222,\"publisher\":{\"@id\":\"https:\\\/\\\/edenred.pt\\\/#organization\"},\"image\":{\"@id\":\"https:\\\/\\\/www.edenred.pt\\\/en\\\/news\\\/edenred\\\/food-barometer-2024-eating-habits-of-the-portuguese\\\/#primaryimage\"},\"thumbnailUrl\":\"https:\\\/\\\/www.edenred.pt\\\/wp-content\\\/uploads\\\/2024\\\/10\\\/Barometro-FOOD-2024-scaled.jpg\",\"keywords\":[\"FOOD Program\"],\"articleSection\":[\"Edenred\",\"Food\"],\"inLanguage\":\"en-US\"},{\"@type\":\"WebPage\",\"@id\":\"https:\\\/\\\/www.edenred.pt\\\/en\\\/news\\\/edenred\\\/food-barometer-2024-eating-habits-of-the-portuguese\\\/\",\"url\":\"https:\\\/\\\/www.edenred.pt\\\/en\\\/news\\\/edenred\\\/food-barometer-2024-eating-habits-of-the-portuguese\\\/\",\"name\":\"FOOD Barometer 2024: Help us find out about the eating habits of the Portuguese - Edenred Portugal\",\"isPartOf\":{\"@id\":\"https:\\\/\\\/edenred.pt\\\/#website\"},\"primaryImageOfPage\":{\"@id\":\"https:\\\/\\\/www.edenred.pt\\\/en\\\/news\\\/edenred\\\/food-barometer-2024-eating-habits-of-the-portuguese\\\/#primaryimage\"},\"image\":{\"@id\":\"https:\\\/\\\/www.edenred.pt\\\/en\\\/news\\\/edenred\\\/food-barometer-2024-eating-habits-of-the-portuguese\\\/#primaryimage\"},\"thumbnailUrl\":\"https:\\\/\\\/www.edenred.pt\\\/wp-content\\\/uploads\\\/2024\\\/10\\\/Barometro-FOOD-2024-scaled.jpg\",\"datePublished\":\"2024-08-01T13:00:20+00:00\",\"dateModified\":\"2025-01-30T10:08:42+00:00\",\"description\":\"The FOOD Barometer 2024 aims to find out about the eating habits of the working population. Let us know what you think!\",\"breadcrumb\":{\"@id\":\"https:\\\/\\\/www.edenred.pt\\\/en\\\/news\\\/edenred\\\/food-barometer-2024-eating-habits-of-the-portuguese\\\/#breadcrumb\"},\"inLanguage\":\"en-US\",\"potentialAction\":[{\"@type\":\"ReadAction\",\"target\":[\"https:\\\/\\\/www.edenred.pt\\\/en\\\/news\\\/edenred\\\/food-barometer-2024-eating-habits-of-the-portuguese\\\/\"]}]},{\"@type\":\"ImageObject\",\"inLanguage\":\"en-US\",\"@id\":\"https:\\\/\\\/www.edenred.pt\\\/en\\\/news\\\/edenred\\\/food-barometer-2024-eating-habits-of-the-portuguese\\\/#primaryimage\",\"url\":\"https:\\\/\\\/www.edenred.pt\\\/wp-content\\\/uploads\\\/2024\\\/10\\\/Barometro-FOOD-2024-scaled.jpg\",\"contentUrl\":\"https:\\\/\\\/www.edenred.pt\\\/wp-content\\\/uploads\\\/2024\\\/10\\\/Barometro-FOOD-2024-scaled.jpg\",\"width\":2560,\"height\":1707,\"caption\":\"Bar\u00f3metro FOOD 2024\"},{\"@type\":\"BreadcrumbList\",\"@id\":\"https:\\\/\\\/www.edenred.pt\\\/en\\\/news\\\/edenred\\\/food-barometer-2024-eating-habits-of-the-portuguese\\\/#breadcrumb\",\"itemListElement\":[{\"@type\":\"ListItem\",\"position\":1,\"name\":\"Start\",\"item\":\"https:\\\/\\\/www.edenred.pt\\\/en\\\/\"},{\"@type\":\"ListItem\",\"position\":2,\"name\":\"FOOD Barometer 2024: Help us find out about the eating habits of the Portuguese\"}]},{\"@type\":\"WebSite\",\"@id\":\"https:\\\/\\\/edenred.pt\\\/#website\",\"url\":\"https:\\\/\\\/edenred.pt\\\/\",\"name\":\"Edenred Portugal\",\"description\":\"Edenred Portugal\",\"publisher\":{\"@id\":\"https:\\\/\\\/edenred.pt\\\/#organization\"},\"potentialAction\":[{\"@type\":\"SearchAction\",\"target\":{\"@type\":\"EntryPoint\",\"urlTemplate\":\"https:\\\/\\\/edenred.pt\\\/?s={search_term_string}\"},\"query-input\":{\"@type\":\"PropertyValueSpecification\",\"valueRequired\":true,\"valueName\":\"search_term_string\"}}],\"inLanguage\":\"en-US\"},{\"@type\":\"Organization\",\"@id\":\"https:\\\/\\\/edenred.pt\\\/#organization\",\"name\":\"Edenred\",\"url\":\"https:\\\/\\\/edenred.pt\\\/\",\"logo\":{\"@type\":\"ImageObject\",\"inLanguage\":\"en-US\",\"@id\":\"https:\\\/\\\/edenred.pt\\\/#\\\/schema\\\/logo\\\/image\\\/\",\"url\":\"https:\\\/\\\/www.edenred.pt\\\/wp-content\\\/uploads\\\/2022\\\/04\\\/logo-edenred.png\",\"contentUrl\":\"https:\\\/\\\/www.edenred.pt\\\/wp-content\\\/uploads\\\/2022\\\/04\\\/logo-edenred.png\",\"width\":176,\"height\":109,\"caption\":\"Edenred\"},\"image\":{\"@id\":\"https:\\\/\\\/edenred.pt\\\/#\\\/schema\\\/logo\\\/image\\\/\"},\"sameAs\":[\"https:\\\/\\\/www.facebook.com\\\/edenred.portugal\",\"https:\\\/\\\/www.instagram.com\\\/edenred.portugal\\\/\",\"https:\\\/\\\/www.linkedin.com\\\/company\\\/edenred-portugal\\\/\"]},{\"@type\":\"Person\",\"@id\":\"https:\\\/\\\/edenred.pt\\\/#\\\/schema\\\/person\\\/d8f44f3ed76bdfb743abb900b1b038bb\",\"name\":\"Eduardo Tavares\",\"image\":{\"@type\":\"ImageObject\",\"inLanguage\":\"en-US\",\"@id\":\"https:\\\/\\\/secure.gravatar.com\\\/avatar\\\/5f9496ddb263e597a5a7db1ae5d8b75b0e0a9accb5cbb4606e02aff1b079c3e3?s=96&d=mm&r=g\",\"url\":\"https:\\\/\\\/secure.gravatar.com\\\/avatar\\\/5f9496ddb263e597a5a7db1ae5d8b75b0e0a9accb5cbb4606e02aff1b079c3e3?s=96&d=mm&r=g\",\"contentUrl\":\"https:\\\/\\\/secure.gravatar.com\\\/avatar\\\/5f9496ddb263e597a5a7db1ae5d8b75b0e0a9accb5cbb4606e02aff1b079c3e3?s=96&d=mm&r=g\",\"caption\":\"Eduardo Tavares\"}}]}<\/script>\n<!-- \/ Yoast SEO plugin. -->","yoast_head_json":{"title":"FOOD Barometer 2024: Help us find out about the eating habits of the Portuguese - Edenred Portugal","description":"The FOOD Barometer 2024 aims to find out about the eating habits of the working population. Let us know what you think!","robots":{"index":"index","follow":"follow","max-snippet":"max-snippet:-1","max-image-preview":"max-image-preview:large","max-video-preview":"max-video-preview:-1"},"canonical":"https:\/\/www.edenred.pt\/en\/news\/edenred\/food-barometer-2024-eating-habits-of-the-portuguese\/","og_locale":"en_US","og_type":"article","og_title":"FOOD Barometer 2024: Help us find out about the eating habits of the Portuguese - Edenred Portugal","og_description":"The FOOD Barometer 2024 aims to find out about the eating habits of the working population. Let us know what you think!","og_url":"https:\/\/www.edenred.pt\/en\/news\/edenred\/food-barometer-2024-eating-habits-of-the-portuguese\/","og_site_name":"Edenred Portugal","article_publisher":"https:\/\/www.facebook.com\/edenred.portugal","article_published_time":"2024-08-01T13:00:20+00:00","article_modified_time":"2025-01-30T10:08:42+00:00","og_image":[{"width":2560,"height":1707,"url":"https:\/\/edenred.pt\/wp-content\/uploads\/2024\/10\/Barometro-FOOD-2024-scaled.jpg","type":"image\/jpeg"}],"author":"Eduardo Tavares","twitter_card":"summary_large_image","twitter_misc":{"Written by":"Eduardo Tavares","Est. reading time":"2 minutes"},"schema":{"@context":"https:\/\/schema.org","@graph":[{"@type":"Article","@id":"https:\/\/www.edenred.pt\/en\/news\/edenred\/food-barometer-2024-eating-habits-of-the-portuguese\/#article","isPartOf":{"@id":"https:\/\/www.edenred.pt\/en\/news\/edenred\/food-barometer-2024-eating-habits-of-the-portuguese\/"},"author":{"name":"Eduardo Tavares","@id":"https:\/\/edenred.pt\/#\/schema\/person\/d8f44f3ed76bdfb743abb900b1b038bb"},"headline":"FOOD Barometer 2024: Help us find out about the eating habits of the Portuguese","datePublished":"2024-08-01T13:00:20+00:00","dateModified":"2025-01-30T10:08:42+00:00","mainEntityOfPage":{"@id":"https:\/\/www.edenred.pt\/en\/news\/edenred\/food-barometer-2024-eating-habits-of-the-portuguese\/"},"wordCount":222,"publisher":{"@id":"https:\/\/edenred.pt\/#organization"},"image":{"@id":"https:\/\/www.edenred.pt\/en\/news\/edenred\/food-barometer-2024-eating-habits-of-the-portuguese\/#primaryimage"},"thumbnailUrl":"https:\/\/www.edenred.pt\/wp-content\/uploads\/2024\/10\/Barometro-FOOD-2024-scaled.jpg","keywords":["FOOD Program"],"articleSection":["Edenred","Food"],"inLanguage":"en-US"},{"@type":"WebPage","@id":"https:\/\/www.edenred.pt\/en\/news\/edenred\/food-barometer-2024-eating-habits-of-the-portuguese\/","url":"https:\/\/www.edenred.pt\/en\/news\/edenred\/food-barometer-2024-eating-habits-of-the-portuguese\/","name":"FOOD Barometer 2024: Help us find out about the eating habits of the Portuguese - Edenred Portugal","isPartOf":{"@id":"https:\/\/edenred.pt\/#website"},"primaryImageOfPage":{"@id":"https:\/\/www.edenred.pt\/en\/news\/edenred\/food-barometer-2024-eating-habits-of-the-portuguese\/#primaryimage"},"image":{"@id":"https:\/\/www.edenred.pt\/en\/news\/edenred\/food-barometer-2024-eating-habits-of-the-portuguese\/#primaryimage"},"thumbnailUrl":"https:\/\/www.edenred.pt\/wp-content\/uploads\/2024\/10\/Barometro-FOOD-2024-scaled.jpg","datePublished":"2024-08-01T13:00:20+00:00","dateModified":"2025-01-30T10:08:42+00:00","description":"The FOOD Barometer 2024 aims to find out about the eating habits of the working population. Let us know what you think!","breadcrumb":{"@id":"https:\/\/www.edenred.pt\/en\/news\/edenred\/food-barometer-2024-eating-habits-of-the-portuguese\/#breadcrumb"},"inLanguage":"en-US","potentialAction":[{"@type":"ReadAction","target":["https:\/\/www.edenred.pt\/en\/news\/edenred\/food-barometer-2024-eating-habits-of-the-portuguese\/"]}]},{"@type":"ImageObject","inLanguage":"en-US","@id":"https:\/\/www.edenred.pt\/en\/news\/edenred\/food-barometer-2024-eating-habits-of-the-portuguese\/#primaryimage","url":"https:\/\/www.edenred.pt\/wp-content\/uploads\/2024\/10\/Barometro-FOOD-2024-scaled.jpg","contentUrl":"https:\/\/www.edenred.pt\/wp-content\/uploads\/2024\/10\/Barometro-FOOD-2024-scaled.jpg","width":2560,"height":1707,"caption":"Bar\u00f3metro FOOD 2024"},{"@type":"BreadcrumbList","@id":"https:\/\/www.edenred.pt\/en\/news\/edenred\/food-barometer-2024-eating-habits-of-the-portuguese\/#breadcrumb","itemListElement":[{"@type":"ListItem","position":1,"name":"Start","item":"https:\/\/www.edenred.pt\/en\/"},{"@type":"ListItem","position":2,"name":"FOOD Barometer 2024: Help us find out about the eating habits of the Portuguese"}]},{"@type":"WebSite","@id":"https:\/\/edenred.pt\/#website","url":"https:\/\/edenred.pt\/","name":"Edenred Portugal","description":"Edenred Portugal","publisher":{"@id":"https:\/\/edenred.pt\/#organization"},"potentialAction":[{"@type":"SearchAction","target":{"@type":"EntryPoint","urlTemplate":"https:\/\/edenred.pt\/?s={search_term_string}"},"query-input":{"@type":"PropertyValueSpecification","valueRequired":true,"valueName":"search_term_string"}}],"inLanguage":"en-US"},{"@type":"Organization","@id":"https:\/\/edenred.pt\/#organization","name":"Edenred","url":"https:\/\/edenred.pt\/","logo":{"@type":"ImageObject","inLanguage":"en-US","@id":"https:\/\/edenred.pt\/#\/schema\/logo\/image\/","url":"https:\/\/www.edenred.pt\/wp-content\/uploads\/2022\/04\/logo-edenred.png","contentUrl":"https:\/\/www.edenred.pt\/wp-content\/uploads\/2022\/04\/logo-edenred.png","width":176,"height":109,"caption":"Edenred"},"image":{"@id":"https:\/\/edenred.pt\/#\/schema\/logo\/image\/"},"sameAs":["https:\/\/www.facebook.com\/edenred.portugal","https:\/\/www.instagram.com\/edenred.portugal\/","https:\/\/www.linkedin.com\/company\/edenred-portugal\/"]},{"@type":"Person","@id":"https:\/\/edenred.pt\/#\/schema\/person\/d8f44f3ed76bdfb743abb900b1b038bb","name":"Eduardo Tavares","image":{"@type":"ImageObject","inLanguage":"en-US","@id":"https:\/\/secure.gravatar.com\/avatar\/5f9496ddb263e597a5a7db1ae5d8b75b0e0a9accb5cbb4606e02aff1b079c3e3?s=96&d=mm&r=g","url":"https:\/\/secure.gravatar.com\/avatar\/5f9496ddb263e597a5a7db1ae5d8b75b0e0a9accb5cbb4606e02aff1b079c3e3?s=96&d=mm&r=g","contentUrl":"https:\/\/secure.gravatar.com\/avatar\/5f9496ddb263e597a5a7db1ae5d8b75b0e0a9accb5cbb4606e02aff1b079c3e3?s=96&d=mm&r=g","caption":"Eduardo Tavares"}}]}},"_links":{"self":[{"href":"https:\/\/www.edenred.pt\/en\/wp-json\/wp\/v2\/posts\/114853","targetHints":{"allow":["GET"]}}],"collection":[{"href":"https:\/\/www.edenred.pt\/en\/wp-json\/wp\/v2\/posts"}],"about":[{"href":"https:\/\/www.edenred.pt\/en\/wp-json\/wp\/v2\/types\/post"}],"author":[{"embeddable":true,"href":"https:\/\/www.edenred.pt\/en\/wp-json\/wp\/v2\/users\/4"}],"replies":[{"embeddable":true,"href":"https:\/\/www.edenred.pt\/en\/wp-json\/wp\/v2\/comments?post=114853"}],"version-history":[{"count":5,"href":"https:\/\/www.edenred.pt\/en\/wp-json\/wp\/v2\/posts\/114853\/revisions"}],"predecessor-version":[{"id":116670,"href":"https:\/\/www.edenred.pt\/en\/wp-json\/wp\/v2\/posts\/114853\/revisions\/116670"}],"wp:featuredmedia":[{"embeddable":true,"href":"https:\/\/www.edenred.pt\/en\/wp-json\/wp\/v2\/media\/114366"}],"wp:attachment":[{"href":"https:\/\/www.edenred.pt\/en\/wp-json\/wp\/v2\/media?parent=114853"}],"wp:term":[{"taxonomy":"category","embeddable":true,"href":"https:\/\/www.edenred.pt\/en\/wp-json\/wp\/v2\/categories?post=114853"},{"taxonomy":"post_tag","embeddable":true,"href":"https:\/\/www.edenred.pt\/en\/wp-json\/wp\/v2\/tags?post=114853"},{"taxonomy":"target","embeddable":true,"href":"https:\/\/www.edenred.pt\/en\/wp-json\/wp\/v2\/target?post=114853"}],"curies":[{"name":"wp","href":"https:\/\/api.w.org\/{rel}","templated":true}]}}