{"id":114872,"date":"2021-03-30T11:03:52","date_gmt":"2021-03-30T11:03:52","guid":{"rendered":"https:\/\/edenred.pt\/uncategorized\/lets-celebrate-easter-at-home\/"},"modified":"2025-01-30T09:23:41","modified_gmt":"2025-01-30T09:23:41","slug":"lets-celebrate-easter-at-home","status":"publish","type":"post","link":"https:\/\/www.edenred.pt\/en\/news\/food\/lets-celebrate-easter-at-home\/","title":{"rendered":"Let&#8217;s celebrate Easter at home!"},"content":{"rendered":"<h2>It doesn&#8217;t seem to be this year yet that we&#8217;ll be celebrating Easter at a table full of cousins, uncles and grandparents, but as we&#8217;ve proven on several occasions over the last year, there are always reasons to celebrate and ways to commemorate the traditions that are so close to us!<\/h2>\n<p>In this article, we bring you our classic 5 tips so that you can <strong>celebrate Easter<\/strong> as it deserves, even at home!<\/p>\n<ul>\n<li><strong>To celebrate Easter, a composed menu! <\/strong><\/li>\n<\/ul>\n<p><strong>Easter isn&#8217;t Easter without a full table<\/strong>. And while there may be a few empty seats at the table this year, the same doesn&#8217;t have to apply to the delicacies served! Get fancy and organize a lunch worthy of this date. You can use your <a href=\"https:\/\/edenred.pt\/en\/benefits\/edenred-refeicao\/\" target=\"_blank\" rel=\"noopener\"><strong>Euroticket Refei\u00e7\u00e3o<\/strong><\/a>\u00a0in various establishments, such as supermarkets, grocery stores, butchers and fishmongers, so that you don&#8217;t run out of any ingredient when it&#8217;s time to roll up your sleeves. You&#8217;ll see that celebrating Easter has never been easier with a full belly!<\/p>\n<ul>\n<li><strong>Make the most of the decorations<\/strong><\/li>\n<\/ul>\n<p>Collages, paintings, shapes and lots of creativity! How about <strong>celebrating Easter<\/strong> by making your own decorations? Get inspired <em>online<\/em> and let your artistic side run wild. Make it a family activity and ask the kids to help, we know that bunny ears are much cuter when we make them!<\/p>\n<ul>\n<li><strong>Get close to your loved ones<\/strong><\/li>\n<\/ul>\n<p>If the family can&#8217;t come to the table, we&#8217;ll find a way to get everyone together! How about sharing the decorations you&#8217;ve made with your loved ones? Send your eggs and crafts by post to all those who make your Easter special and you&#8217;ll see how much closer they&#8217;ll feel. Celebrating <strong>Easter<\/strong> as a family is always possible!<\/p>\n<ul>\n<li><strong>&#8230;eggs?<\/strong><\/li>\n<\/ul>\n<p>When it comes to celebrating <strong>Easter<\/strong>, there&#8217;s no getting away from the egg hunt! At home or in the garden, this is an activity you really can&#8217;t escape, but this year we have an additional proposal: how about taking advantage of the season of new beginnings to plant a tree?<\/p>\n<ul>\n<li><strong>Make your own chocolate eggs!<\/strong><\/li>\n<\/ul>\n<p>We all know that at this time of year the supermarkets fill their shelves with eggs, bunnies and almonds. But what about cooking your own chocolate eggs this year? There are plenty of recipes <em>online<\/em> to guide you and, with your <strong>Euroticket Refei\u00e7\u00e3o\u00a0<\/strong>there&#8217;s no shortage of ingredients! Nothing better than a real challenge to celebrate <strong>Easter<\/strong>! Are you feeling more enthusiastic now? Get to work and start preparing to celebrate <strong>Easter<\/strong> the way it deserves to be celebrated!<\/p>\n<p><strong><em>Starting from July 2023, the Euroticket Refei\u00e7\u00e3o benefit has been renamed Edenred Refei\u00e7\u00e3o.<\/em><\/strong><\/p>\n","protected":false},"excerpt":{"rendered":"It doesn&#8217;t seem to be this year yet that we&#8217;ll be celebrating Easter at a table full of cousins, uncles and grandparents, but as we&#8217;ve proven on several occasions over the last year, there are always reasons to celebrate and ways to commemorate the traditions that are so close to us! In this article, we&#8230;","protected":false},"author":2,"featured_media":114901,"comment_status":"closed","ping_status":"closed","sticky":false,"template":"","format":"standard","meta":{"_acf_changed":false,"content-type":"","inline_featured_image":false,"footnotes":""},"categories":[221],"tags":[125],"target":[128],"class_list":["post-114872","post","type-post","status-publish","format-standard","has-post-thumbnail","hentry","category-food","tag-edenred-refeicao","target-user"],"acf":[],"yoast_head":"<!-- This site is optimized with the Yoast SEO plugin v27.3 - https:\/\/yoast.com\/product\/yoast-seo-wordpress\/ -->\n<title>Let&#039;s celebrate Easter at home! - Edenred Portugal<\/title>\n<meta name=\"description\" content=\"It&#039;s not yet time for Easter to be filled with family again. Nevertheless, discover 5 tips for celebrating Easter as it deserves!\" \/>\n<meta name=\"robots\" content=\"index, follow, max-snippet:-1, max-image-preview:large, max-video-preview:-1\" \/>\n<link rel=\"canonical\" href=\"https:\/\/www.edenred.pt\/en\/news\/food\/lets-celebrate-easter-at-home\/\" \/>\n<meta property=\"og:locale\" content=\"en_US\" \/>\n<meta property=\"og:type\" content=\"article\" \/>\n<meta property=\"og:title\" content=\"Let&#039;s celebrate Easter at home! - Edenred Portugal\" \/>\n<meta property=\"og:description\" content=\"It&#039;s not yet time for Easter to be filled with family again. Nevertheless, discover 5 tips for celebrating Easter as it deserves!\" \/>\n<meta property=\"og:url\" content=\"https:\/\/www.edenred.pt\/en\/news\/food\/lets-celebrate-easter-at-home\/\" \/>\n<meta property=\"og:site_name\" content=\"Edenred Portugal\" \/>\n<meta property=\"article:publisher\" content=\"https:\/\/www.facebook.com\/edenred.portugal\" \/>\n<meta property=\"article:published_time\" content=\"2021-03-30T11:03:52+00:00\" \/>\n<meta property=\"article:modified_time\" content=\"2025-01-30T09:23:41+00:00\" \/>\n<meta property=\"og:image\" content=\"https:\/\/edenred.pt\/wp-content\/uploads\/2025\/01\/celebrar-a-pascoa-ovos-chocolate.jpg\" \/>\n\t<meta property=\"og:image:width\" content=\"1920\" \/>\n\t<meta property=\"og:image:height\" content=\"1280\" \/>\n\t<meta property=\"og:image:type\" content=\"image\/jpeg\" \/>\n<meta name=\"author\" content=\"Nuno Gaspar\" \/>\n<meta name=\"twitter:card\" content=\"summary_large_image\" \/>\n<meta name=\"twitter:label1\" content=\"Written by\" \/>\n\t<meta name=\"twitter:data1\" content=\"Nuno Gaspar\" \/>\n\t<meta name=\"twitter:label2\" content=\"Est. reading time\" \/>\n\t<meta name=\"twitter:data2\" content=\"3 minutes\" \/>\n<script type=\"application\/ld+json\" class=\"yoast-schema-graph\">{\"@context\":\"https:\\\/\\\/schema.org\",\"@graph\":[{\"@type\":\"Article\",\"@id\":\"https:\\\/\\\/www.edenred.pt\\\/en\\\/news\\\/food\\\/lets-celebrate-easter-at-home\\\/#article\",\"isPartOf\":{\"@id\":\"https:\\\/\\\/www.edenred.pt\\\/en\\\/news\\\/food\\\/lets-celebrate-easter-at-home\\\/\"},\"author\":{\"name\":\"Nuno Gaspar\",\"@id\":\"https:\\\/\\\/edenred.pt\\\/#\\\/schema\\\/person\\\/d0e5abe45e1073368ba93fca7923ba53\"},\"headline\":\"Let&#8217;s celebrate Easter at home!\",\"datePublished\":\"2021-03-30T11:03:52+00:00\",\"dateModified\":\"2025-01-30T09:23:41+00:00\",\"mainEntityOfPage\":{\"@id\":\"https:\\\/\\\/www.edenred.pt\\\/en\\\/news\\\/food\\\/lets-celebrate-easter-at-home\\\/\"},\"wordCount\":441,\"publisher\":{\"@id\":\"https:\\\/\\\/edenred.pt\\\/#organization\"},\"image\":{\"@id\":\"https:\\\/\\\/www.edenred.pt\\\/en\\\/news\\\/food\\\/lets-celebrate-easter-at-home\\\/#primaryimage\"},\"thumbnailUrl\":\"https:\\\/\\\/www.edenred.pt\\\/wp-content\\\/uploads\\\/2025\\\/01\\\/celebrar-a-pascoa-ovos-chocolate.jpg\",\"keywords\":[\"Edenred Refei\u00e7\u00e3o\"],\"articleSection\":[\"Food\"],\"inLanguage\":\"en-US\"},{\"@type\":\"WebPage\",\"@id\":\"https:\\\/\\\/www.edenred.pt\\\/en\\\/news\\\/food\\\/lets-celebrate-easter-at-home\\\/\",\"url\":\"https:\\\/\\\/www.edenred.pt\\\/en\\\/news\\\/food\\\/lets-celebrate-easter-at-home\\\/\",\"name\":\"Let's celebrate Easter at home! - Edenred Portugal\",\"isPartOf\":{\"@id\":\"https:\\\/\\\/edenred.pt\\\/#website\"},\"primaryImageOfPage\":{\"@id\":\"https:\\\/\\\/www.edenred.pt\\\/en\\\/news\\\/food\\\/lets-celebrate-easter-at-home\\\/#primaryimage\"},\"image\":{\"@id\":\"https:\\\/\\\/www.edenred.pt\\\/en\\\/news\\\/food\\\/lets-celebrate-easter-at-home\\\/#primaryimage\"},\"thumbnailUrl\":\"https:\\\/\\\/www.edenred.pt\\\/wp-content\\\/uploads\\\/2025\\\/01\\\/celebrar-a-pascoa-ovos-chocolate.jpg\",\"datePublished\":\"2021-03-30T11:03:52+00:00\",\"dateModified\":\"2025-01-30T09:23:41+00:00\",\"description\":\"It's not yet time for Easter to be filled with family again. Nevertheless, discover 5 tips for celebrating Easter as it deserves!\",\"breadcrumb\":{\"@id\":\"https:\\\/\\\/www.edenred.pt\\\/en\\\/news\\\/food\\\/lets-celebrate-easter-at-home\\\/#breadcrumb\"},\"inLanguage\":\"en-US\",\"potentialAction\":[{\"@type\":\"ReadAction\",\"target\":[\"https:\\\/\\\/www.edenred.pt\\\/en\\\/news\\\/food\\\/lets-celebrate-easter-at-home\\\/\"]}]},{\"@type\":\"ImageObject\",\"inLanguage\":\"en-US\",\"@id\":\"https:\\\/\\\/www.edenred.pt\\\/en\\\/news\\\/food\\\/lets-celebrate-easter-at-home\\\/#primaryimage\",\"url\":\"https:\\\/\\\/www.edenred.pt\\\/wp-content\\\/uploads\\\/2025\\\/01\\\/celebrar-a-pascoa-ovos-chocolate.jpg\",\"contentUrl\":\"https:\\\/\\\/www.edenred.pt\\\/wp-content\\\/uploads\\\/2025\\\/01\\\/celebrar-a-pascoa-ovos-chocolate.jpg\",\"width\":1920,\"height\":1280,\"caption\":\"Celebrar a P\u00e1scoa\"},{\"@type\":\"BreadcrumbList\",\"@id\":\"https:\\\/\\\/www.edenred.pt\\\/en\\\/news\\\/food\\\/lets-celebrate-easter-at-home\\\/#breadcrumb\",\"itemListElement\":[{\"@type\":\"ListItem\",\"position\":1,\"name\":\"Start\",\"item\":\"https:\\\/\\\/www.edenred.pt\\\/en\\\/\"},{\"@type\":\"ListItem\",\"position\":2,\"name\":\"Let&#8217;s celebrate Easter at home!\"}]},{\"@type\":\"WebSite\",\"@id\":\"https:\\\/\\\/edenred.pt\\\/#website\",\"url\":\"https:\\\/\\\/edenred.pt\\\/\",\"name\":\"Edenred Portugal\",\"description\":\"Edenred Portugal\",\"publisher\":{\"@id\":\"https:\\\/\\\/edenred.pt\\\/#organization\"},\"potentialAction\":[{\"@type\":\"SearchAction\",\"target\":{\"@type\":\"EntryPoint\",\"urlTemplate\":\"https:\\\/\\\/edenred.pt\\\/?s={search_term_string}\"},\"query-input\":{\"@type\":\"PropertyValueSpecification\",\"valueRequired\":true,\"valueName\":\"search_term_string\"}}],\"inLanguage\":\"en-US\"},{\"@type\":\"Organization\",\"@id\":\"https:\\\/\\\/edenred.pt\\\/#organization\",\"name\":\"Edenred\",\"url\":\"https:\\\/\\\/edenred.pt\\\/\",\"logo\":{\"@type\":\"ImageObject\",\"inLanguage\":\"en-US\",\"@id\":\"https:\\\/\\\/edenred.pt\\\/#\\\/schema\\\/logo\\\/image\\\/\",\"url\":\"https:\\\/\\\/www.edenred.pt\\\/wp-content\\\/uploads\\\/2022\\\/04\\\/logo-edenred.png\",\"contentUrl\":\"https:\\\/\\\/www.edenred.pt\\\/wp-content\\\/uploads\\\/2022\\\/04\\\/logo-edenred.png\",\"width\":176,\"height\":109,\"caption\":\"Edenred\"},\"image\":{\"@id\":\"https:\\\/\\\/edenred.pt\\\/#\\\/schema\\\/logo\\\/image\\\/\"},\"sameAs\":[\"https:\\\/\\\/www.facebook.com\\\/edenred.portugal\",\"https:\\\/\\\/www.instagram.com\\\/edenred.portugal\\\/\",\"https:\\\/\\\/www.linkedin.com\\\/company\\\/edenred-portugal\\\/\"]},{\"@type\":\"Person\",\"@id\":\"https:\\\/\\\/edenred.pt\\\/#\\\/schema\\\/person\\\/d0e5abe45e1073368ba93fca7923ba53\",\"name\":\"Nuno Gaspar\",\"image\":{\"@type\":\"ImageObject\",\"inLanguage\":\"en-US\",\"@id\":\"https:\\\/\\\/secure.gravatar.com\\\/avatar\\\/0b5a96a6fb25507c355d6d29e3a7432e71e40ce5d7af2fa6a00d46657a9c3ba0?s=96&d=mm&r=g\",\"url\":\"https:\\\/\\\/secure.gravatar.com\\\/avatar\\\/0b5a96a6fb25507c355d6d29e3a7432e71e40ce5d7af2fa6a00d46657a9c3ba0?s=96&d=mm&r=g\",\"contentUrl\":\"https:\\\/\\\/secure.gravatar.com\\\/avatar\\\/0b5a96a6fb25507c355d6d29e3a7432e71e40ce5d7af2fa6a00d46657a9c3ba0?s=96&d=mm&r=g\",\"caption\":\"Nuno Gaspar\"}}]}<\/script>\n<!-- \/ Yoast SEO plugin. -->","yoast_head_json":{"title":"Let's celebrate Easter at home! - Edenred Portugal","description":"It's not yet time for Easter to be filled with family again. Nevertheless, discover 5 tips for celebrating Easter as it deserves!","robots":{"index":"index","follow":"follow","max-snippet":"max-snippet:-1","max-image-preview":"max-image-preview:large","max-video-preview":"max-video-preview:-1"},"canonical":"https:\/\/www.edenred.pt\/en\/news\/food\/lets-celebrate-easter-at-home\/","og_locale":"en_US","og_type":"article","og_title":"Let's celebrate Easter at home! - Edenred Portugal","og_description":"It's not yet time for Easter to be filled with family again. Nevertheless, discover 5 tips for celebrating Easter as it deserves!","og_url":"https:\/\/www.edenred.pt\/en\/news\/food\/lets-celebrate-easter-at-home\/","og_site_name":"Edenred Portugal","article_publisher":"https:\/\/www.facebook.com\/edenred.portugal","article_published_time":"2021-03-30T11:03:52+00:00","article_modified_time":"2025-01-30T09:23:41+00:00","og_image":[{"width":1920,"height":1280,"url":"https:\/\/edenred.pt\/wp-content\/uploads\/2025\/01\/celebrar-a-pascoa-ovos-chocolate.jpg","type":"image\/jpeg"}],"author":"Nuno Gaspar","twitter_card":"summary_large_image","twitter_misc":{"Written by":"Nuno Gaspar","Est. reading time":"3 minutes"},"schema":{"@context":"https:\/\/schema.org","@graph":[{"@type":"Article","@id":"https:\/\/www.edenred.pt\/en\/news\/food\/lets-celebrate-easter-at-home\/#article","isPartOf":{"@id":"https:\/\/www.edenred.pt\/en\/news\/food\/lets-celebrate-easter-at-home\/"},"author":{"name":"Nuno Gaspar","@id":"https:\/\/edenred.pt\/#\/schema\/person\/d0e5abe45e1073368ba93fca7923ba53"},"headline":"Let&#8217;s celebrate Easter at home!","datePublished":"2021-03-30T11:03:52+00:00","dateModified":"2025-01-30T09:23:41+00:00","mainEntityOfPage":{"@id":"https:\/\/www.edenred.pt\/en\/news\/food\/lets-celebrate-easter-at-home\/"},"wordCount":441,"publisher":{"@id":"https:\/\/edenred.pt\/#organization"},"image":{"@id":"https:\/\/www.edenred.pt\/en\/news\/food\/lets-celebrate-easter-at-home\/#primaryimage"},"thumbnailUrl":"https:\/\/www.edenred.pt\/wp-content\/uploads\/2025\/01\/celebrar-a-pascoa-ovos-chocolate.jpg","keywords":["Edenred Refei\u00e7\u00e3o"],"articleSection":["Food"],"inLanguage":"en-US"},{"@type":"WebPage","@id":"https:\/\/www.edenred.pt\/en\/news\/food\/lets-celebrate-easter-at-home\/","url":"https:\/\/www.edenred.pt\/en\/news\/food\/lets-celebrate-easter-at-home\/","name":"Let's celebrate Easter at home! - Edenred Portugal","isPartOf":{"@id":"https:\/\/edenred.pt\/#website"},"primaryImageOfPage":{"@id":"https:\/\/www.edenred.pt\/en\/news\/food\/lets-celebrate-easter-at-home\/#primaryimage"},"image":{"@id":"https:\/\/www.edenred.pt\/en\/news\/food\/lets-celebrate-easter-at-home\/#primaryimage"},"thumbnailUrl":"https:\/\/www.edenred.pt\/wp-content\/uploads\/2025\/01\/celebrar-a-pascoa-ovos-chocolate.jpg","datePublished":"2021-03-30T11:03:52+00:00","dateModified":"2025-01-30T09:23:41+00:00","description":"It's not yet time for Easter to be filled with family again. Nevertheless, discover 5 tips for celebrating Easter as it deserves!","breadcrumb":{"@id":"https:\/\/www.edenred.pt\/en\/news\/food\/lets-celebrate-easter-at-home\/#breadcrumb"},"inLanguage":"en-US","potentialAction":[{"@type":"ReadAction","target":["https:\/\/www.edenred.pt\/en\/news\/food\/lets-celebrate-easter-at-home\/"]}]},{"@type":"ImageObject","inLanguage":"en-US","@id":"https:\/\/www.edenred.pt\/en\/news\/food\/lets-celebrate-easter-at-home\/#primaryimage","url":"https:\/\/www.edenred.pt\/wp-content\/uploads\/2025\/01\/celebrar-a-pascoa-ovos-chocolate.jpg","contentUrl":"https:\/\/www.edenred.pt\/wp-content\/uploads\/2025\/01\/celebrar-a-pascoa-ovos-chocolate.jpg","width":1920,"height":1280,"caption":"Celebrar a P\u00e1scoa"},{"@type":"BreadcrumbList","@id":"https:\/\/www.edenred.pt\/en\/news\/food\/lets-celebrate-easter-at-home\/#breadcrumb","itemListElement":[{"@type":"ListItem","position":1,"name":"Start","item":"https:\/\/www.edenred.pt\/en\/"},{"@type":"ListItem","position":2,"name":"Let&#8217;s celebrate Easter at home!"}]},{"@type":"WebSite","@id":"https:\/\/edenred.pt\/#website","url":"https:\/\/edenred.pt\/","name":"Edenred Portugal","description":"Edenred Portugal","publisher":{"@id":"https:\/\/edenred.pt\/#organization"},"potentialAction":[{"@type":"SearchAction","target":{"@type":"EntryPoint","urlTemplate":"https:\/\/edenred.pt\/?s={search_term_string}"},"query-input":{"@type":"PropertyValueSpecification","valueRequired":true,"valueName":"search_term_string"}}],"inLanguage":"en-US"},{"@type":"Organization","@id":"https:\/\/edenred.pt\/#organization","name":"Edenred","url":"https:\/\/edenred.pt\/","logo":{"@type":"ImageObject","inLanguage":"en-US","@id":"https:\/\/edenred.pt\/#\/schema\/logo\/image\/","url":"https:\/\/www.edenred.pt\/wp-content\/uploads\/2022\/04\/logo-edenred.png","contentUrl":"https:\/\/www.edenred.pt\/wp-content\/uploads\/2022\/04\/logo-edenred.png","width":176,"height":109,"caption":"Edenred"},"image":{"@id":"https:\/\/edenred.pt\/#\/schema\/logo\/image\/"},"sameAs":["https:\/\/www.facebook.com\/edenred.portugal","https:\/\/www.instagram.com\/edenred.portugal\/","https:\/\/www.linkedin.com\/company\/edenred-portugal\/"]},{"@type":"Person","@id":"https:\/\/edenred.pt\/#\/schema\/person\/d0e5abe45e1073368ba93fca7923ba53","name":"Nuno Gaspar","image":{"@type":"ImageObject","inLanguage":"en-US","@id":"https:\/\/secure.gravatar.com\/avatar\/0b5a96a6fb25507c355d6d29e3a7432e71e40ce5d7af2fa6a00d46657a9c3ba0?s=96&d=mm&r=g","url":"https:\/\/secure.gravatar.com\/avatar\/0b5a96a6fb25507c355d6d29e3a7432e71e40ce5d7af2fa6a00d46657a9c3ba0?s=96&d=mm&r=g","contentUrl":"https:\/\/secure.gravatar.com\/avatar\/0b5a96a6fb25507c355d6d29e3a7432e71e40ce5d7af2fa6a00d46657a9c3ba0?s=96&d=mm&r=g","caption":"Nuno Gaspar"}}]}},"_links":{"self":[{"href":"https:\/\/www.edenred.pt\/en\/wp-json\/wp\/v2\/posts\/114872","targetHints":{"allow":["GET"]}}],"collection":[{"href":"https:\/\/www.edenred.pt\/en\/wp-json\/wp\/v2\/posts"}],"about":[{"href":"https:\/\/www.edenred.pt\/en\/wp-json\/wp\/v2\/types\/post"}],"author":[{"embeddable":true,"href":"https:\/\/www.edenred.pt\/en\/wp-json\/wp\/v2\/users\/2"}],"replies":[{"embeddable":true,"href":"https:\/\/www.edenred.pt\/en\/wp-json\/wp\/v2\/comments?post=114872"}],"version-history":[{"count":3,"href":"https:\/\/www.edenred.pt\/en\/wp-json\/wp\/v2\/posts\/114872\/revisions"}],"predecessor-version":[{"id":116610,"href":"https:\/\/www.edenred.pt\/en\/wp-json\/wp\/v2\/posts\/114872\/revisions\/116610"}],"wp:featuredmedia":[{"embeddable":true,"href":"https:\/\/www.edenred.pt\/en\/wp-json\/wp\/v2\/media\/114901"}],"wp:attachment":[{"href":"https:\/\/www.edenred.pt\/en\/wp-json\/wp\/v2\/media?parent=114872"}],"wp:term":[{"taxonomy":"category","embeddable":true,"href":"https:\/\/www.edenred.pt\/en\/wp-json\/wp\/v2\/categories?post=114872"},{"taxonomy":"post_tag","embeddable":true,"href":"https:\/\/www.edenred.pt\/en\/wp-json\/wp\/v2\/tags?post=114872"},{"taxonomy":"target","embeddable":true,"href":"https:\/\/www.edenred.pt\/en\/wp-json\/wp\/v2\/target?post=114872"}],"curies":[{"name":"wp","href":"https:\/\/api.w.org\/{rel}","templated":true}]}}