{"id":114961,"date":"2024-09-18T10:48:23","date_gmt":"2024-09-18T10:48:23","guid":{"rendered":"https:\/\/edenred.pt\/uncategorized\/8-questions-you-may-have-about-the-edenred-meal-card\/"},"modified":"2025-01-30T10:28:19","modified_gmt":"2025-01-30T10:28:19","slug":"8-questions-you-may-have-about-the-edenred-meal-card","status":"publish","type":"post","link":"https:\/\/www.edenred.pt\/en\/news\/edenred\/8-questions-you-may-have-about-the-edenred-meal-card\/","title":{"rendered":"8 Questions you may have about the Edenred Refei\u00e7\u00e3o Card"},"content":{"rendered":"\n<p>The <a href=\"https:\/\/edenred.pt\/en\/benefits\/edenred-refeicao\/\" target=\"_blank\" rel=\"noreferrer noopener\">Edenred Refei\u00e7\u00e3o<\/a> card is a benefit given by companies to their employees to help them cover the cost of meals during their working day.<\/p>\n\n\n\n<p>Since the <a href=\"https:\/\/edenred.pt\/en\/news\/employee-benefits\/meal-allowance-everything-you-need-to-know\/\" target=\"_blank\" rel=\"noreferrer noopener\">meal allowance is a supplement to remuneration<\/a>, and the meal card is not a bank card, you may have already had doubts about how to use it.<\/p>\n\n\n\n<p>That&#8217;s why we want to help you clarify some of the questions you may have about Edenred Refei\u00e7\u00e3o. Find out with us the answers to some common doubts.<\/p>\n\n\n\n<p><strong>Read also<\/strong>: <a href=\"https:\/\/edenred.pt\/en\/news\/edenred\/10-things-you-need-to-know-about-the-edenred-meal-card\/\" target=\"_blank\" rel=\"noreferrer noopener\">10 things you need to know about the Edenred meal card<\/a><\/p>\n\n\n\n<h2 class=\"wp-block-heading\">Advantages of receiving the meal allowance at Edenred Refei\u00e7\u00e3o<\/h2>\n\n\n\n<p>Edenred Refei\u00e7\u00e3o is not a means of payment, but a social voucher designed to guarantee workers access to nutritious food while at work. As it is a social benefit, it has a differentiated tax treatment, being <strong>exempt from IRS and TSU up to the amount of \u20ac10.20\/day<\/strong>. <\/p>\n\n\n\n<p>This tax saving results in <strong>greater liquidity for expenditure on meals and food<\/strong>. For example, if you receive \u20ac10.20\/day in meal allowance through Edenred Refei\u00e7\u00e3o, you could receive \u20ac315 more net per year than if you received the same amount in cash. <a href=\"https:\/\/edenred.pt\/en\/edenred-refeicao\/calculator\/\" target=\"_blank\" rel=\"noreferrer noopener\">You can simulate your real savings here<\/a>.<\/p>\n\n\n\n<p>This increase in purchasing power on food is accompanied by the possibility of <strong>saving on many other products and services that are useful to you<\/strong>. With the <a href=\"https:\/\/edenred.pt\/en\/advantages-program\/\" target=\"_blank\" rel=\"noreferrer noopener\">Discounts and Advantages Program<\/a>, aimed at Edenred users, you can enjoy discounts on fuel, insurance, telecommunications, energy, professional training, animal services, among others.<\/p>\n\n\n\n<p>There are <strong>more than 60 brands with exclusive advantages<\/strong>. To discover all the brands, and find out how you can access their discounts, all you need to do is go to the &#8220;Advantages&#8221; section of your MyEdenred App. <\/p>\n\n\n\n<h2 class=\"wp-block-heading\">Where can I check my card balance and movements?<\/h2>\n\n\n\n<p>With Edenred Refei\u00e7\u00e3o, you can check the balance and movements of your card at any time and wherever you are. Download the <a href=\"https:\/\/edenred.pt\/en\/news\/edenred\/a-look-at-the-new-myedenred-app\/\" target=\"_blank\" rel=\"noreferrer noopener\">MyEdenred App<\/a>, available on iOS, Android and HUAWEI, or register at <a href=\"https:\/\/edenred.pt\/en\/news\/edenred-en\/a-look-at-the-new-myedenred-app\/\" target=\"_blank\" rel=\"noreferrer noopener\">MyEdenred.pt<\/a>, and associate your card number.<\/p>\n\n\n\n<p>As well as being able to access your balance and movements in real time, you can also take advantage of other features, such as searching for member establishments or the possibility of suggesting new establishments that are not yet part of the network.<\/p>\n\n\n\n<p>The MyEdenred App is also where you can access the Discounts and Advantages Program.<\/p>\n\n\n\n<h2 class=\"wp-block-heading\">Can I link the card to MB WAY?<\/h2>\n\n\n\n<p>Even when you forget your physical card, you can make payments with Edenred Refei\u00e7\u00e3o using your cell phone. If you usually use MB WAY, you can link your card number to your account in this app and start making contactless payments at Edenred member establishments.<\/p>\n\n\n\n<p>Find out step by step <a href=\"https:\/\/edenred.pt\/en\/news\/edenred\/get-more-out-of-your-edenred-refeicao-with-mb-way\/\" target=\"_blank\" rel=\"noreferrer noopener\">how to link your Edenred card to MB WAY<\/a>.<\/p>\n\n\n\n<h2 class=\"wp-block-heading\">I can&#8217;t remember my card PIN, what should I do?<\/h2>\n\n\n\n<p>If you don&#8217;t know your Edenred Refei\u00e7\u00e3o PIN, you&#8217;ll need to <strong>request a new code from our user support team<\/strong>. You can do this by calling 707 500 360, available every day between 8am and midnight.<\/p>\n\n\n\n<p>You should do the same if you have <strong>missed three PIN attempts<\/strong> and your card has been blocked.<\/p>\n\n\n\n<h2 class=\"wp-block-heading\">I&#8217;ve lost my card, what should I do?<\/h2>\n\n\n\n<p>If your Edenred card is lost or misplaced, you should <strong>immediately block it in the MyEdenred App<\/strong>. All you have to do is click on your card and then select the &#8220;Block card&#8221; option. In this way, and while you can&#8217;t locate it, you prevent the risk of it being used by third parties.  <\/p>\n\n\n\n<p>Then, if you find the card, you can unblock it in the MyEdenred app and use it again as normal.<\/p>\n\n\n\n<p>If you can&#8217;t find your card, you should ask for a replacement via our user support line (707 500 360, available every day between 8am and midnight). We will send you a new card with the same balance that was available on the old card when it was blocked. <\/p>\n\n\n\n<h2 class=\"wp-block-heading\">Why isn&#8217;t it accepted in all establishments?<\/h2>\n\n\n\n<p>As already mentioned, Edenred Refei\u00e7\u00e3o is not a means of payment, but a social voucher, the purpose of which is to ensure that employees have access to a balanced diet during the working day. Social meal vouchers emerged after the Second World War, when employers, instead of having canteens, began distributing meal vouchers to workers so that they could have lunch in local restaurants and have a decent meal.<\/p>\n\n\n\n<p>Since <a href=\"https:\/\/edenred.pt\/en\/news\/employee-benefits\/social-benefits-what-are-they-and-what-are-their-objectives\/\" target=\"_blank\" rel=\"noreferrer noopener\">social vouchers have this purpose<\/a>, and <strong>in order to ensure that they are used to purchase meals and food<\/strong>, Edenred Refei\u00e7\u00e3o can only be used in catering and food retail establishments that have a commercial agreement with the issuing entity (in this case, Edenred).<\/p>\n\n\n\n<p>What&#8217;s more, the Edenred meal card can also only be used on national territory. This is because another of the objectives of social benefits is to stimulate economic activity and generate a virtuous circle that boosts the local economy and contributes to society. <\/p>\n\n\n\n<p>As such, Edenred Refei\u00e7\u00e3o can be used in a <strong>network of over 38,000 member establishments in mainland Portugal and the islands<\/strong>. This network includes restaurants, supermarkets, caf\u00e9s, pastry shops and bakeries, butchers, fishmongers and other similar establishments. <\/p>\n\n\n\n<h2 class=\"wp-block-heading\">How do I know if an establishment accepts Edenred Refei\u00e7\u00e3o?<\/h2>\n\n\n\n<p>With the MyEdenred App, you can find out at any time if an establishment is part of the Edenred network. You can <strong>find all the member establishments near you<\/strong> or you can search by the name of a particular establishment. You can also filter by restaurants or food stores.  <\/p>\n\n\n\n<p>If you want to use your Edenred Refei\u00e7\u00e3o in an establishment that is not yet part of our network, you can <strong>suggest that establishment<\/strong> in the MyEdenred App. Enter some details so that our team can get in touch with those responsible and close the partnership. When this happens, we&#8217;ll let you know that you can now use your card at the establishment you suggested.<\/p>\n\n\n\n<p>You can also <a href=\"https:\/\/edenred.pt\/en\/suggest-new-establishment\/\" target=\"_blank\" rel=\"noreferrer noopener\">make suggestions for establishments here<\/a>. Here&#8217;s a tip: if you don&#8217;t know some of the details, such as the address or telephone number, we suggest you look at the invoice for the payment you made at that establishment.<\/p>\n\n\n\n<h2 class=\"wp-block-heading\">Is it possible to use the card to make online purchases?<\/h2>\n\n\n\n<p>Yes, as long as you link Edenred Refei\u00e7\u00e3o to MB WAY. As well as being able to use MB WAY to make contactless payments in physical establishments, you can also make <strong>online purchases on platforms and apps that offer this payment method<\/strong>. <\/p>\n\n\n\n<p>Some of the sites and apps where you can use the Edenred Meal card are <a href=\"https:\/\/edenred.pt\/en\/news\/edenred\/edenred-refeicao-available-uber-eats\/\" target=\"_blank\" rel=\"noreferrer noopener\">Uber Eats<\/a>, Continente, Auchan, Mercad\u00e3o, 360hyper, EatTasty, DIG-IN, Prozis, Celeiro, among many others.<\/p>\n\n\n\n<p>To use Edenred Refei\u00e7\u00e3o, you just need to select this card when finalizing the purchase and validating the payment in the MB WAY application.<\/p>\n\n\n\n<p><br><\/p>\n\n\n\n<p><\/p>\n\n\n\n<p class=\"has-tertiary-color has-text-color has-link-color wp-elements-33728daaec2774003b60db0b66dc0f5b\"><em>Article updated in December 2024 (to take into account the new meal allowance rates in force).<\/em><\/p>\n\n\n\n<p><\/p>\n\n\n\n<p><\/p>\n","protected":false},"excerpt":{"rendered":"The Edenred Refei\u00e7\u00e3o card is a benefit given by companies to their employees to help them cover the cost of meals during their working day. Since the meal allowance is a supplement to remuneration, and the meal card is not a bank card, you may have already had doubts about how to use it. That&#8217;s&#8230;","protected":false},"author":4,"featured_media":114090,"comment_status":"closed","ping_status":"closed","sticky":false,"template":"","format":"standard","meta":{"_acf_changed":false,"content-type":"","inline_featured_image":false,"footnotes":""},"categories":[124,228],"tags":[125],"target":[128],"class_list":["post-114961","post","type-post","status-publish","format-standard","has-post-thumbnail","hentry","category-edenred","category-employee-benefits","tag-edenred-refeicao","target-user"],"acf":[],"yoast_head":"<!-- This site is optimized with the Yoast SEO plugin v27.3 - https:\/\/yoast.com\/product\/yoast-seo-wordpress\/ -->\n<title>8 Questions you may have about the Edenred Refei\u00e7\u00e3o Card - Edenred Portugal<\/title>\n<meta name=\"description\" content=\"Do you receive your meal allowance via Edenred Refei\u00e7\u00e3o? Find out the answers to some common questions about the Edenred meal card.\" \/>\n<meta name=\"robots\" content=\"index, follow, max-snippet:-1, max-image-preview:large, max-video-preview:-1\" \/>\n<link rel=\"canonical\" href=\"https:\/\/www.edenred.pt\/en\/news\/edenred\/8-questions-you-may-have-about-the-edenred-meal-card\/\" \/>\n<meta property=\"og:locale\" content=\"en_US\" \/>\n<meta property=\"og:type\" content=\"article\" \/>\n<meta property=\"og:title\" content=\"8 Questions you may have about the Edenred Refei\u00e7\u00e3o Card - Edenred Portugal\" \/>\n<meta property=\"og:description\" content=\"Do you receive your meal allowance via Edenred Refei\u00e7\u00e3o? Find out the answers to some common questions about the Edenred meal card.\" \/>\n<meta property=\"og:url\" content=\"https:\/\/www.edenred.pt\/en\/news\/edenred\/8-questions-you-may-have-about-the-edenred-meal-card\/\" \/>\n<meta property=\"og:site_name\" content=\"Edenred Portugal\" \/>\n<meta property=\"article:publisher\" content=\"https:\/\/www.facebook.com\/edenred.portugal\" \/>\n<meta property=\"article:published_time\" content=\"2024-09-18T10:48:23+00:00\" \/>\n<meta property=\"article:modified_time\" content=\"2025-01-30T10:28:19+00:00\" \/>\n<meta property=\"og:image\" content=\"https:\/\/edenred.pt\/wp-content\/uploads\/2024\/08\/Duvidas-Edenred-Refeicao.jpg\" \/>\n\t<meta property=\"og:image:width\" content=\"2000\" \/>\n\t<meta property=\"og:image:height\" content=\"1250\" \/>\n\t<meta property=\"og:image:type\" content=\"image\/jpeg\" \/>\n<meta name=\"author\" content=\"Eduardo Tavares\" \/>\n<meta name=\"twitter:card\" content=\"summary_large_image\" \/>\n<meta name=\"twitter:label1\" content=\"Written by\" \/>\n\t<meta name=\"twitter:data1\" content=\"Eduardo Tavares\" \/>\n\t<meta name=\"twitter:label2\" content=\"Est. reading time\" \/>\n\t<meta name=\"twitter:data2\" content=\"6 minutes\" \/>\n<script type=\"application\/ld+json\" class=\"yoast-schema-graph\">{\"@context\":\"https:\\\/\\\/schema.org\",\"@graph\":[{\"@type\":\"Article\",\"@id\":\"https:\\\/\\\/www.edenred.pt\\\/en\\\/news\\\/edenred\\\/8-questions-you-may-have-about-the-edenred-meal-card\\\/#article\",\"isPartOf\":{\"@id\":\"https:\\\/\\\/www.edenred.pt\\\/en\\\/news\\\/edenred\\\/8-questions-you-may-have-about-the-edenred-meal-card\\\/\"},\"author\":{\"name\":\"Eduardo Tavares\",\"@id\":\"https:\\\/\\\/edenred.pt\\\/#\\\/schema\\\/person\\\/d8f44f3ed76bdfb743abb900b1b038bb\"},\"headline\":\"8 Questions you may have about the Edenred Refei\u00e7\u00e3o Card\",\"datePublished\":\"2024-09-18T10:48:23+00:00\",\"dateModified\":\"2025-01-30T10:28:19+00:00\",\"mainEntityOfPage\":{\"@id\":\"https:\\\/\\\/www.edenred.pt\\\/en\\\/news\\\/edenred\\\/8-questions-you-may-have-about-the-edenred-meal-card\\\/\"},\"wordCount\":1159,\"publisher\":{\"@id\":\"https:\\\/\\\/edenred.pt\\\/#organization\"},\"image\":{\"@id\":\"https:\\\/\\\/www.edenred.pt\\\/en\\\/news\\\/edenred\\\/8-questions-you-may-have-about-the-edenred-meal-card\\\/#primaryimage\"},\"thumbnailUrl\":\"https:\\\/\\\/www.edenred.pt\\\/wp-content\\\/uploads\\\/2024\\\/08\\\/Duvidas-Edenred-Refeicao.jpg\",\"keywords\":[\"Edenred Refei\u00e7\u00e3o\"],\"articleSection\":[\"Edenred\",\"Employee Benefits\"],\"inLanguage\":\"en-US\"},{\"@type\":\"WebPage\",\"@id\":\"https:\\\/\\\/www.edenred.pt\\\/en\\\/news\\\/edenred\\\/8-questions-you-may-have-about-the-edenred-meal-card\\\/\",\"url\":\"https:\\\/\\\/www.edenred.pt\\\/en\\\/news\\\/edenred\\\/8-questions-you-may-have-about-the-edenred-meal-card\\\/\",\"name\":\"8 Questions you may have about the Edenred Refei\u00e7\u00e3o Card - Edenred Portugal\",\"isPartOf\":{\"@id\":\"https:\\\/\\\/edenred.pt\\\/#website\"},\"primaryImageOfPage\":{\"@id\":\"https:\\\/\\\/www.edenred.pt\\\/en\\\/news\\\/edenred\\\/8-questions-you-may-have-about-the-edenred-meal-card\\\/#primaryimage\"},\"image\":{\"@id\":\"https:\\\/\\\/www.edenred.pt\\\/en\\\/news\\\/edenred\\\/8-questions-you-may-have-about-the-edenred-meal-card\\\/#primaryimage\"},\"thumbnailUrl\":\"https:\\\/\\\/www.edenred.pt\\\/wp-content\\\/uploads\\\/2024\\\/08\\\/Duvidas-Edenred-Refeicao.jpg\",\"datePublished\":\"2024-09-18T10:48:23+00:00\",\"dateModified\":\"2025-01-30T10:28:19+00:00\",\"description\":\"Do you receive your meal allowance via Edenred Refei\u00e7\u00e3o? Find out the answers to some common questions about the Edenred meal card.\",\"breadcrumb\":{\"@id\":\"https:\\\/\\\/www.edenred.pt\\\/en\\\/news\\\/edenred\\\/8-questions-you-may-have-about-the-edenred-meal-card\\\/#breadcrumb\"},\"inLanguage\":\"en-US\",\"potentialAction\":[{\"@type\":\"ReadAction\",\"target\":[\"https:\\\/\\\/www.edenred.pt\\\/en\\\/news\\\/edenred\\\/8-questions-you-may-have-about-the-edenred-meal-card\\\/\"]}]},{\"@type\":\"ImageObject\",\"inLanguage\":\"en-US\",\"@id\":\"https:\\\/\\\/www.edenred.pt\\\/en\\\/news\\\/edenred\\\/8-questions-you-may-have-about-the-edenred-meal-card\\\/#primaryimage\",\"url\":\"https:\\\/\\\/www.edenred.pt\\\/wp-content\\\/uploads\\\/2024\\\/08\\\/Duvidas-Edenred-Refeicao.jpg\",\"contentUrl\":\"https:\\\/\\\/www.edenred.pt\\\/wp-content\\\/uploads\\\/2024\\\/08\\\/Duvidas-Edenred-Refeicao.jpg\",\"width\":2000,\"height\":1250,\"caption\":\"D\u00favidas Edenred Refei\u00e7\u00e3o\"},{\"@type\":\"BreadcrumbList\",\"@id\":\"https:\\\/\\\/www.edenred.pt\\\/en\\\/news\\\/edenred\\\/8-questions-you-may-have-about-the-edenred-meal-card\\\/#breadcrumb\",\"itemListElement\":[{\"@type\":\"ListItem\",\"position\":1,\"name\":\"Start\",\"item\":\"https:\\\/\\\/www.edenred.pt\\\/en\\\/\"},{\"@type\":\"ListItem\",\"position\":2,\"name\":\"8 Questions you may have about the Edenred Refei\u00e7\u00e3o Card\"}]},{\"@type\":\"WebSite\",\"@id\":\"https:\\\/\\\/edenred.pt\\\/#website\",\"url\":\"https:\\\/\\\/edenred.pt\\\/\",\"name\":\"Edenred Portugal\",\"description\":\"Edenred Portugal\",\"publisher\":{\"@id\":\"https:\\\/\\\/edenred.pt\\\/#organization\"},\"potentialAction\":[{\"@type\":\"SearchAction\",\"target\":{\"@type\":\"EntryPoint\",\"urlTemplate\":\"https:\\\/\\\/edenred.pt\\\/?s={search_term_string}\"},\"query-input\":{\"@type\":\"PropertyValueSpecification\",\"valueRequired\":true,\"valueName\":\"search_term_string\"}}],\"inLanguage\":\"en-US\"},{\"@type\":\"Organization\",\"@id\":\"https:\\\/\\\/edenred.pt\\\/#organization\",\"name\":\"Edenred\",\"url\":\"https:\\\/\\\/edenred.pt\\\/\",\"logo\":{\"@type\":\"ImageObject\",\"inLanguage\":\"en-US\",\"@id\":\"https:\\\/\\\/edenred.pt\\\/#\\\/schema\\\/logo\\\/image\\\/\",\"url\":\"https:\\\/\\\/www.edenred.pt\\\/wp-content\\\/uploads\\\/2022\\\/04\\\/logo-edenred.png\",\"contentUrl\":\"https:\\\/\\\/www.edenred.pt\\\/wp-content\\\/uploads\\\/2022\\\/04\\\/logo-edenred.png\",\"width\":176,\"height\":109,\"caption\":\"Edenred\"},\"image\":{\"@id\":\"https:\\\/\\\/edenred.pt\\\/#\\\/schema\\\/logo\\\/image\\\/\"},\"sameAs\":[\"https:\\\/\\\/www.facebook.com\\\/edenred.portugal\",\"https:\\\/\\\/www.instagram.com\\\/edenred.portugal\\\/\",\"https:\\\/\\\/www.linkedin.com\\\/company\\\/edenred-portugal\\\/\"]},{\"@type\":\"Person\",\"@id\":\"https:\\\/\\\/edenred.pt\\\/#\\\/schema\\\/person\\\/d8f44f3ed76bdfb743abb900b1b038bb\",\"name\":\"Eduardo Tavares\",\"image\":{\"@type\":\"ImageObject\",\"inLanguage\":\"en-US\",\"@id\":\"https:\\\/\\\/secure.gravatar.com\\\/avatar\\\/5f9496ddb263e597a5a7db1ae5d8b75b0e0a9accb5cbb4606e02aff1b079c3e3?s=96&d=mm&r=g\",\"url\":\"https:\\\/\\\/secure.gravatar.com\\\/avatar\\\/5f9496ddb263e597a5a7db1ae5d8b75b0e0a9accb5cbb4606e02aff1b079c3e3?s=96&d=mm&r=g\",\"contentUrl\":\"https:\\\/\\\/secure.gravatar.com\\\/avatar\\\/5f9496ddb263e597a5a7db1ae5d8b75b0e0a9accb5cbb4606e02aff1b079c3e3?s=96&d=mm&r=g\",\"caption\":\"Eduardo Tavares\"}}]}<\/script>\n<!-- \/ Yoast SEO plugin. -->","yoast_head_json":{"title":"8 Questions you may have about the Edenred Refei\u00e7\u00e3o Card - Edenred Portugal","description":"Do you receive your meal allowance via Edenred Refei\u00e7\u00e3o? Find out the answers to some common questions about the Edenred meal card.","robots":{"index":"index","follow":"follow","max-snippet":"max-snippet:-1","max-image-preview":"max-image-preview:large","max-video-preview":"max-video-preview:-1"},"canonical":"https:\/\/www.edenred.pt\/en\/news\/edenred\/8-questions-you-may-have-about-the-edenred-meal-card\/","og_locale":"en_US","og_type":"article","og_title":"8 Questions you may have about the Edenred Refei\u00e7\u00e3o Card - Edenred Portugal","og_description":"Do you receive your meal allowance via Edenred Refei\u00e7\u00e3o? Find out the answers to some common questions about the Edenred meal card.","og_url":"https:\/\/www.edenred.pt\/en\/news\/edenred\/8-questions-you-may-have-about-the-edenred-meal-card\/","og_site_name":"Edenred Portugal","article_publisher":"https:\/\/www.facebook.com\/edenred.portugal","article_published_time":"2024-09-18T10:48:23+00:00","article_modified_time":"2025-01-30T10:28:19+00:00","og_image":[{"width":2000,"height":1250,"url":"https:\/\/edenred.pt\/wp-content\/uploads\/2024\/08\/Duvidas-Edenred-Refeicao.jpg","type":"image\/jpeg"}],"author":"Eduardo Tavares","twitter_card":"summary_large_image","twitter_misc":{"Written by":"Eduardo Tavares","Est. reading time":"6 minutes"},"schema":{"@context":"https:\/\/schema.org","@graph":[{"@type":"Article","@id":"https:\/\/www.edenred.pt\/en\/news\/edenred\/8-questions-you-may-have-about-the-edenred-meal-card\/#article","isPartOf":{"@id":"https:\/\/www.edenred.pt\/en\/news\/edenred\/8-questions-you-may-have-about-the-edenred-meal-card\/"},"author":{"name":"Eduardo Tavares","@id":"https:\/\/edenred.pt\/#\/schema\/person\/d8f44f3ed76bdfb743abb900b1b038bb"},"headline":"8 Questions you may have about the Edenred Refei\u00e7\u00e3o Card","datePublished":"2024-09-18T10:48:23+00:00","dateModified":"2025-01-30T10:28:19+00:00","mainEntityOfPage":{"@id":"https:\/\/www.edenred.pt\/en\/news\/edenred\/8-questions-you-may-have-about-the-edenred-meal-card\/"},"wordCount":1159,"publisher":{"@id":"https:\/\/edenred.pt\/#organization"},"image":{"@id":"https:\/\/www.edenred.pt\/en\/news\/edenred\/8-questions-you-may-have-about-the-edenred-meal-card\/#primaryimage"},"thumbnailUrl":"https:\/\/www.edenred.pt\/wp-content\/uploads\/2024\/08\/Duvidas-Edenred-Refeicao.jpg","keywords":["Edenred Refei\u00e7\u00e3o"],"articleSection":["Edenred","Employee Benefits"],"inLanguage":"en-US"},{"@type":"WebPage","@id":"https:\/\/www.edenred.pt\/en\/news\/edenred\/8-questions-you-may-have-about-the-edenred-meal-card\/","url":"https:\/\/www.edenred.pt\/en\/news\/edenred\/8-questions-you-may-have-about-the-edenred-meal-card\/","name":"8 Questions you may have about the Edenred Refei\u00e7\u00e3o Card - Edenred Portugal","isPartOf":{"@id":"https:\/\/edenred.pt\/#website"},"primaryImageOfPage":{"@id":"https:\/\/www.edenred.pt\/en\/news\/edenred\/8-questions-you-may-have-about-the-edenred-meal-card\/#primaryimage"},"image":{"@id":"https:\/\/www.edenred.pt\/en\/news\/edenred\/8-questions-you-may-have-about-the-edenred-meal-card\/#primaryimage"},"thumbnailUrl":"https:\/\/www.edenred.pt\/wp-content\/uploads\/2024\/08\/Duvidas-Edenred-Refeicao.jpg","datePublished":"2024-09-18T10:48:23+00:00","dateModified":"2025-01-30T10:28:19+00:00","description":"Do you receive your meal allowance via Edenred Refei\u00e7\u00e3o? Find out the answers to some common questions about the Edenred meal card.","breadcrumb":{"@id":"https:\/\/www.edenred.pt\/en\/news\/edenred\/8-questions-you-may-have-about-the-edenred-meal-card\/#breadcrumb"},"inLanguage":"en-US","potentialAction":[{"@type":"ReadAction","target":["https:\/\/www.edenred.pt\/en\/news\/edenred\/8-questions-you-may-have-about-the-edenred-meal-card\/"]}]},{"@type":"ImageObject","inLanguage":"en-US","@id":"https:\/\/www.edenred.pt\/en\/news\/edenred\/8-questions-you-may-have-about-the-edenred-meal-card\/#primaryimage","url":"https:\/\/www.edenred.pt\/wp-content\/uploads\/2024\/08\/Duvidas-Edenred-Refeicao.jpg","contentUrl":"https:\/\/www.edenred.pt\/wp-content\/uploads\/2024\/08\/Duvidas-Edenred-Refeicao.jpg","width":2000,"height":1250,"caption":"D\u00favidas Edenred Refei\u00e7\u00e3o"},{"@type":"BreadcrumbList","@id":"https:\/\/www.edenred.pt\/en\/news\/edenred\/8-questions-you-may-have-about-the-edenred-meal-card\/#breadcrumb","itemListElement":[{"@type":"ListItem","position":1,"name":"Start","item":"https:\/\/www.edenred.pt\/en\/"},{"@type":"ListItem","position":2,"name":"8 Questions you may have about the Edenred Refei\u00e7\u00e3o Card"}]},{"@type":"WebSite","@id":"https:\/\/edenred.pt\/#website","url":"https:\/\/edenred.pt\/","name":"Edenred Portugal","description":"Edenred Portugal","publisher":{"@id":"https:\/\/edenred.pt\/#organization"},"potentialAction":[{"@type":"SearchAction","target":{"@type":"EntryPoint","urlTemplate":"https:\/\/edenred.pt\/?s={search_term_string}"},"query-input":{"@type":"PropertyValueSpecification","valueRequired":true,"valueName":"search_term_string"}}],"inLanguage":"en-US"},{"@type":"Organization","@id":"https:\/\/edenred.pt\/#organization","name":"Edenred","url":"https:\/\/edenred.pt\/","logo":{"@type":"ImageObject","inLanguage":"en-US","@id":"https:\/\/edenred.pt\/#\/schema\/logo\/image\/","url":"https:\/\/www.edenred.pt\/wp-content\/uploads\/2022\/04\/logo-edenred.png","contentUrl":"https:\/\/www.edenred.pt\/wp-content\/uploads\/2022\/04\/logo-edenred.png","width":176,"height":109,"caption":"Edenred"},"image":{"@id":"https:\/\/edenred.pt\/#\/schema\/logo\/image\/"},"sameAs":["https:\/\/www.facebook.com\/edenred.portugal","https:\/\/www.instagram.com\/edenred.portugal\/","https:\/\/www.linkedin.com\/company\/edenred-portugal\/"]},{"@type":"Person","@id":"https:\/\/edenred.pt\/#\/schema\/person\/d8f44f3ed76bdfb743abb900b1b038bb","name":"Eduardo Tavares","image":{"@type":"ImageObject","inLanguage":"en-US","@id":"https:\/\/secure.gravatar.com\/avatar\/5f9496ddb263e597a5a7db1ae5d8b75b0e0a9accb5cbb4606e02aff1b079c3e3?s=96&d=mm&r=g","url":"https:\/\/secure.gravatar.com\/avatar\/5f9496ddb263e597a5a7db1ae5d8b75b0e0a9accb5cbb4606e02aff1b079c3e3?s=96&d=mm&r=g","contentUrl":"https:\/\/secure.gravatar.com\/avatar\/5f9496ddb263e597a5a7db1ae5d8b75b0e0a9accb5cbb4606e02aff1b079c3e3?s=96&d=mm&r=g","caption":"Eduardo Tavares"}}]}},"_links":{"self":[{"href":"https:\/\/www.edenred.pt\/en\/wp-json\/wp\/v2\/posts\/114961","targetHints":{"allow":["GET"]}}],"collection":[{"href":"https:\/\/www.edenred.pt\/en\/wp-json\/wp\/v2\/posts"}],"about":[{"href":"https:\/\/www.edenred.pt\/en\/wp-json\/wp\/v2\/types\/post"}],"author":[{"embeddable":true,"href":"https:\/\/www.edenred.pt\/en\/wp-json\/wp\/v2\/users\/4"}],"replies":[{"embeddable":true,"href":"https:\/\/www.edenred.pt\/en\/wp-json\/wp\/v2\/comments?post=114961"}],"version-history":[{"count":5,"href":"https:\/\/www.edenred.pt\/en\/wp-json\/wp\/v2\/posts\/114961\/revisions"}],"predecessor-version":[{"id":116687,"href":"https:\/\/www.edenred.pt\/en\/wp-json\/wp\/v2\/posts\/114961\/revisions\/116687"}],"wp:featuredmedia":[{"embeddable":true,"href":"https:\/\/www.edenred.pt\/en\/wp-json\/wp\/v2\/media\/114090"}],"wp:attachment":[{"href":"https:\/\/www.edenred.pt\/en\/wp-json\/wp\/v2\/media?parent=114961"}],"wp:term":[{"taxonomy":"category","embeddable":true,"href":"https:\/\/www.edenred.pt\/en\/wp-json\/wp\/v2\/categories?post=114961"},{"taxonomy":"post_tag","embeddable":true,"href":"https:\/\/www.edenred.pt\/en\/wp-json\/wp\/v2\/tags?post=114961"},{"taxonomy":"target","embeddable":true,"href":"https:\/\/www.edenred.pt\/en\/wp-json\/wp\/v2\/target?post=114961"}],"curies":[{"name":"wp","href":"https:\/\/api.w.org\/{rel}","templated":true}]}}