{"id":115857,"date":"2023-02-03T14:48:00","date_gmt":"2023-02-03T14:48:00","guid":{"rendered":"https:\/\/edenred.pt\/uncategorized\/euroticket-meal-is-a-recommended-brand-2023\/"},"modified":"2025-01-31T15:43:51","modified_gmt":"2025-01-31T15:43:51","slug":"euroticket-refeicao-is-marca-recomendada-2023","status":"publish","type":"post","link":"https:\/\/www.edenred.pt\/en\/news\/edenred\/euroticket-refeicao-is-marca-recomendada-2023\/","title":{"rendered":"Euroticket Refei\u00e7\u00e3o is Marca Recomendada 2023"},"content":{"rendered":"\n<p>In addition to the <a href=\"https:\/\/edenred.pt\/en\/news\/edenred\/edenred-wins-premio-cinco-estrelas-2023\/\" target=\"_blank\" rel=\"noreferrer noopener\">Pr\u00e9mio Cinco Estrelas<\/a>, Edenred has now won Marca Recomendada 2023, awarded by <a href=\"https:\/\/portaldaqueixa.com\/brands\/euroticket-edenred-portugal\" target=\"_blank\" rel=\"noreferrer noopener\">Portal da Queixa by Consumers Trust<\/a>.<\/p>\n\n\n\n<p>For the second year running, <a href=\"https:\/\/edenred.pt\/en\/benefits\/edenred-refeicao\/\" target=\"_blank\" rel=\"noreferrer noopener\">Euroticket Refei\u00e7\u00e3o<\/a> stands out with the best satisfaction rating in the meal card category.<\/p>\n\n\n\n<figure class=\"wp-block-image aligncenter size-full is-resized\"><img loading=\"lazy\" decoding=\"async\" width=\"439\" height=\"519\" src=\"https:\/\/edenred.pt\/wp-content\/uploads\/2023\/02\/Marca-Recomendada-2023.png\" alt=\"\" class=\"wp-image-110778\" style=\"width:-81px;height:-95px\" srcset=\"https:\/\/www.edenred.pt\/wp-content\/uploads\/2023\/02\/Marca-Recomendada-2023.png 439w, https:\/\/www.edenred.pt\/wp-content\/uploads\/2023\/02\/Marca-Recomendada-2023-135x160.png 135w\" sizes=\"auto, (max-width: 439px) 100vw, 439px\" \/><\/figure>\n\n\n\n<h2 class=\"wp-block-heading\">About Marca Recomendada<\/h2>\n\n\n\n<p>The Marca Recomendada seal is a vote of confidence from consumers. It is a distinction that <a href=\"https:\/\/portaldaqueixa.com\/news\/selo-marca-recomendada-2023-116-marcas\" target=\"_blank\" rel=\"noreferrer noopener\">rewards brands for their performance and the attention given to customers on Portal da Queixa<\/a>. This year, 116 brands received the Marca Recomendada  2023 seal.<\/p>\n\n\n\n<p><br><br>At Edenred we work every day to ensure maximum satisfaction for users of all Edenred benefits. We are therefore very pleased and grateful for the trust you have placed in our work.<\/p>\n\n\n\n<p>We will continue to optimize all the processes that allow us to provide an increasingly close, transparent and efficient service.<\/p>\n\n\n\n<p>Thank you all!<br><br><br><em><strong>Starting from July 2023, the Euroticket Refei\u00e7\u00e3o benefit was renamed Edenred Refei\u00e7\u00e3o<\/strong><\/em>.<\/p>\n","protected":false},"excerpt":{"rendered":"In addition to the Pr\u00e9mio Cinco Estrelas, Edenred has now won Marca Recomendada 2023, awarded by Portal da Queixa by Consumers Trust. For the second year running, Euroticket Refei\u00e7\u00e3o stands out with the best satisfaction rating in the meal card category. About Marca Recomendada The Marca Recomendada seal is a vote of confidence from consumers&#8230;.","protected":false},"author":4,"featured_media":110781,"comment_status":"closed","ping_status":"closed","sticky":false,"template":"","format":"standard","meta":{"_acf_changed":false,"content-type":"","inline_featured_image":false,"footnotes":""},"categories":[124],"tags":[125,235],"target":[128],"class_list":["post-115857","post","type-post","status-publish","format-standard","has-post-thumbnail","hentry","category-edenred","tag-edenred-refeicao","tag-awards","target-user"],"acf":[],"yoast_head":"<!-- This site is optimized with the Yoast SEO plugin v27.3 - https:\/\/yoast.com\/product\/yoast-seo-wordpress\/ -->\n<title>Euroticket Refei\u00e7\u00e3o is Marca Recomendada 2023 - Edenred Portugal<\/title>\n<meta name=\"description\" content=\"In addition to Pr\u00e9mio Cinco Estrelas, Edenred has now won the 2023 Marca Recomendada Award from Consumers Trust.\" \/>\n<meta name=\"robots\" content=\"index, follow, max-snippet:-1, max-image-preview:large, max-video-preview:-1\" \/>\n<link rel=\"canonical\" href=\"https:\/\/www.edenred.pt\/en\/news\/edenred\/euroticket-refeicao-is-marca-recomendada-2023\/\" \/>\n<meta property=\"og:locale\" content=\"en_US\" \/>\n<meta property=\"og:type\" content=\"article\" \/>\n<meta property=\"og:title\" content=\"Euroticket Refei\u00e7\u00e3o is Marca Recomendada 2023 - Edenred Portugal\" \/>\n<meta property=\"og:description\" content=\"In addition to Pr\u00e9mio Cinco Estrelas, Edenred has now won the 2023 Marca Recomendada Award from Consumers Trust.\" \/>\n<meta property=\"og:url\" content=\"https:\/\/www.edenred.pt\/en\/news\/edenred\/euroticket-refeicao-is-marca-recomendada-2023\/\" \/>\n<meta property=\"og:site_name\" content=\"Edenred Portugal\" \/>\n<meta property=\"article:publisher\" content=\"https:\/\/www.facebook.com\/edenred.portugal\" \/>\n<meta property=\"article:published_time\" content=\"2023-02-03T14:48:00+00:00\" \/>\n<meta property=\"article:modified_time\" content=\"2025-01-31T15:43:51+00:00\" \/>\n<meta property=\"og:image\" content=\"https:\/\/edenred.pt\/wp-content\/uploads\/2023\/02\/Marca-Recomendada.jpg\" \/>\n\t<meta property=\"og:image:width\" content=\"1798\" \/>\n\t<meta property=\"og:image:height\" content=\"1080\" \/>\n\t<meta property=\"og:image:type\" content=\"image\/jpeg\" \/>\n<meta name=\"author\" content=\"Eduardo Tavares\" \/>\n<meta name=\"twitter:card\" content=\"summary_large_image\" \/>\n<meta name=\"twitter:label1\" content=\"Written by\" \/>\n\t<meta name=\"twitter:data1\" content=\"Eduardo Tavares\" \/>\n\t<meta name=\"twitter:label2\" content=\"Est. reading time\" \/>\n\t<meta name=\"twitter:data2\" content=\"2 minutes\" \/>\n<script type=\"application\/ld+json\" class=\"yoast-schema-graph\">{\"@context\":\"https:\\\/\\\/schema.org\",\"@graph\":[{\"@type\":\"Article\",\"@id\":\"https:\\\/\\\/www.edenred.pt\\\/en\\\/news\\\/edenred\\\/euroticket-refeicao-is-marca-recomendada-2023\\\/#article\",\"isPartOf\":{\"@id\":\"https:\\\/\\\/www.edenred.pt\\\/en\\\/news\\\/edenred\\\/euroticket-refeicao-is-marca-recomendada-2023\\\/\"},\"author\":{\"name\":\"Eduardo Tavares\",\"@id\":\"https:\\\/\\\/edenred.pt\\\/#\\\/schema\\\/person\\\/d8f44f3ed76bdfb743abb900b1b038bb\"},\"headline\":\"Euroticket Refei\u00e7\u00e3o is Marca Recomendada 2023\",\"datePublished\":\"2023-02-03T14:48:00+00:00\",\"dateModified\":\"2025-01-31T15:43:51+00:00\",\"mainEntityOfPage\":{\"@id\":\"https:\\\/\\\/www.edenred.pt\\\/en\\\/news\\\/edenred\\\/euroticket-refeicao-is-marca-recomendada-2023\\\/\"},\"wordCount\":158,\"publisher\":{\"@id\":\"https:\\\/\\\/edenred.pt\\\/#organization\"},\"image\":{\"@id\":\"https:\\\/\\\/www.edenred.pt\\\/en\\\/news\\\/edenred\\\/euroticket-refeicao-is-marca-recomendada-2023\\\/#primaryimage\"},\"thumbnailUrl\":\"https:\\\/\\\/www.edenred.pt\\\/wp-content\\\/uploads\\\/2023\\\/02\\\/Marca-Recomendada.jpg\",\"keywords\":[\"Edenred Refei\u00e7\u00e3o\",\"Awards\"],\"articleSection\":[\"Edenred\"],\"inLanguage\":\"en-US\"},{\"@type\":\"WebPage\",\"@id\":\"https:\\\/\\\/www.edenred.pt\\\/en\\\/news\\\/edenred\\\/euroticket-refeicao-is-marca-recomendada-2023\\\/\",\"url\":\"https:\\\/\\\/www.edenred.pt\\\/en\\\/news\\\/edenred\\\/euroticket-refeicao-is-marca-recomendada-2023\\\/\",\"name\":\"Euroticket Refei\u00e7\u00e3o is Marca Recomendada 2023 - Edenred Portugal\",\"isPartOf\":{\"@id\":\"https:\\\/\\\/edenred.pt\\\/#website\"},\"primaryImageOfPage\":{\"@id\":\"https:\\\/\\\/www.edenred.pt\\\/en\\\/news\\\/edenred\\\/euroticket-refeicao-is-marca-recomendada-2023\\\/#primaryimage\"},\"image\":{\"@id\":\"https:\\\/\\\/www.edenred.pt\\\/en\\\/news\\\/edenred\\\/euroticket-refeicao-is-marca-recomendada-2023\\\/#primaryimage\"},\"thumbnailUrl\":\"https:\\\/\\\/www.edenred.pt\\\/wp-content\\\/uploads\\\/2023\\\/02\\\/Marca-Recomendada.jpg\",\"datePublished\":\"2023-02-03T14:48:00+00:00\",\"dateModified\":\"2025-01-31T15:43:51+00:00\",\"description\":\"In addition to Pr\u00e9mio Cinco Estrelas, Edenred has now won the 2023 Marca Recomendada Award from Consumers Trust.\",\"breadcrumb\":{\"@id\":\"https:\\\/\\\/www.edenred.pt\\\/en\\\/news\\\/edenred\\\/euroticket-refeicao-is-marca-recomendada-2023\\\/#breadcrumb\"},\"inLanguage\":\"en-US\",\"potentialAction\":[{\"@type\":\"ReadAction\",\"target\":[\"https:\\\/\\\/www.edenred.pt\\\/en\\\/news\\\/edenred\\\/euroticket-refeicao-is-marca-recomendada-2023\\\/\"]}]},{\"@type\":\"ImageObject\",\"inLanguage\":\"en-US\",\"@id\":\"https:\\\/\\\/www.edenred.pt\\\/en\\\/news\\\/edenred\\\/euroticket-refeicao-is-marca-recomendada-2023\\\/#primaryimage\",\"url\":\"https:\\\/\\\/www.edenred.pt\\\/wp-content\\\/uploads\\\/2023\\\/02\\\/Marca-Recomendada.jpg\",\"contentUrl\":\"https:\\\/\\\/www.edenred.pt\\\/wp-content\\\/uploads\\\/2023\\\/02\\\/Marca-Recomendada.jpg\",\"width\":1798,\"height\":1080,\"caption\":\"Marca Recomendada 2023\"},{\"@type\":\"BreadcrumbList\",\"@id\":\"https:\\\/\\\/www.edenred.pt\\\/en\\\/news\\\/edenred\\\/euroticket-refeicao-is-marca-recomendada-2023\\\/#breadcrumb\",\"itemListElement\":[{\"@type\":\"ListItem\",\"position\":1,\"name\":\"Start\",\"item\":\"https:\\\/\\\/www.edenred.pt\\\/en\\\/\"},{\"@type\":\"ListItem\",\"position\":2,\"name\":\"Euroticket Refei\u00e7\u00e3o is Marca Recomendada 2023\"}]},{\"@type\":\"WebSite\",\"@id\":\"https:\\\/\\\/edenred.pt\\\/#website\",\"url\":\"https:\\\/\\\/edenred.pt\\\/\",\"name\":\"Edenred Portugal\",\"description\":\"Edenred Portugal\",\"publisher\":{\"@id\":\"https:\\\/\\\/edenred.pt\\\/#organization\"},\"potentialAction\":[{\"@type\":\"SearchAction\",\"target\":{\"@type\":\"EntryPoint\",\"urlTemplate\":\"https:\\\/\\\/edenred.pt\\\/?s={search_term_string}\"},\"query-input\":{\"@type\":\"PropertyValueSpecification\",\"valueRequired\":true,\"valueName\":\"search_term_string\"}}],\"inLanguage\":\"en-US\"},{\"@type\":\"Organization\",\"@id\":\"https:\\\/\\\/edenred.pt\\\/#organization\",\"name\":\"Edenred\",\"url\":\"https:\\\/\\\/edenred.pt\\\/\",\"logo\":{\"@type\":\"ImageObject\",\"inLanguage\":\"en-US\",\"@id\":\"https:\\\/\\\/edenred.pt\\\/#\\\/schema\\\/logo\\\/image\\\/\",\"url\":\"https:\\\/\\\/www.edenred.pt\\\/wp-content\\\/uploads\\\/2022\\\/04\\\/logo-edenred.png\",\"contentUrl\":\"https:\\\/\\\/www.edenred.pt\\\/wp-content\\\/uploads\\\/2022\\\/04\\\/logo-edenred.png\",\"width\":176,\"height\":109,\"caption\":\"Edenred\"},\"image\":{\"@id\":\"https:\\\/\\\/edenred.pt\\\/#\\\/schema\\\/logo\\\/image\\\/\"},\"sameAs\":[\"https:\\\/\\\/www.facebook.com\\\/edenred.portugal\",\"https:\\\/\\\/www.instagram.com\\\/edenred.portugal\\\/\",\"https:\\\/\\\/www.linkedin.com\\\/company\\\/edenred-portugal\\\/\"]},{\"@type\":\"Person\",\"@id\":\"https:\\\/\\\/edenred.pt\\\/#\\\/schema\\\/person\\\/d8f44f3ed76bdfb743abb900b1b038bb\",\"name\":\"Eduardo Tavares\",\"image\":{\"@type\":\"ImageObject\",\"inLanguage\":\"en-US\",\"@id\":\"https:\\\/\\\/secure.gravatar.com\\\/avatar\\\/5f9496ddb263e597a5a7db1ae5d8b75b0e0a9accb5cbb4606e02aff1b079c3e3?s=96&d=mm&r=g\",\"url\":\"https:\\\/\\\/secure.gravatar.com\\\/avatar\\\/5f9496ddb263e597a5a7db1ae5d8b75b0e0a9accb5cbb4606e02aff1b079c3e3?s=96&d=mm&r=g\",\"contentUrl\":\"https:\\\/\\\/secure.gravatar.com\\\/avatar\\\/5f9496ddb263e597a5a7db1ae5d8b75b0e0a9accb5cbb4606e02aff1b079c3e3?s=96&d=mm&r=g\",\"caption\":\"Eduardo Tavares\"}}]}<\/script>\n<!-- \/ Yoast SEO plugin. -->","yoast_head_json":{"title":"Euroticket Refei\u00e7\u00e3o is Marca Recomendada 2023 - Edenred Portugal","description":"In addition to Pr\u00e9mio Cinco Estrelas, Edenred has now won the 2023 Marca Recomendada Award from Consumers Trust.","robots":{"index":"index","follow":"follow","max-snippet":"max-snippet:-1","max-image-preview":"max-image-preview:large","max-video-preview":"max-video-preview:-1"},"canonical":"https:\/\/www.edenred.pt\/en\/news\/edenred\/euroticket-refeicao-is-marca-recomendada-2023\/","og_locale":"en_US","og_type":"article","og_title":"Euroticket Refei\u00e7\u00e3o is Marca Recomendada 2023 - Edenred Portugal","og_description":"In addition to Pr\u00e9mio Cinco Estrelas, Edenred has now won the 2023 Marca Recomendada Award from Consumers Trust.","og_url":"https:\/\/www.edenred.pt\/en\/news\/edenred\/euroticket-refeicao-is-marca-recomendada-2023\/","og_site_name":"Edenred Portugal","article_publisher":"https:\/\/www.facebook.com\/edenred.portugal","article_published_time":"2023-02-03T14:48:00+00:00","article_modified_time":"2025-01-31T15:43:51+00:00","og_image":[{"width":1798,"height":1080,"url":"https:\/\/edenred.pt\/wp-content\/uploads\/2023\/02\/Marca-Recomendada.jpg","type":"image\/jpeg"}],"author":"Eduardo Tavares","twitter_card":"summary_large_image","twitter_misc":{"Written by":"Eduardo Tavares","Est. reading time":"2 minutes"},"schema":{"@context":"https:\/\/schema.org","@graph":[{"@type":"Article","@id":"https:\/\/www.edenred.pt\/en\/news\/edenred\/euroticket-refeicao-is-marca-recomendada-2023\/#article","isPartOf":{"@id":"https:\/\/www.edenred.pt\/en\/news\/edenred\/euroticket-refeicao-is-marca-recomendada-2023\/"},"author":{"name":"Eduardo Tavares","@id":"https:\/\/edenred.pt\/#\/schema\/person\/d8f44f3ed76bdfb743abb900b1b038bb"},"headline":"Euroticket Refei\u00e7\u00e3o is Marca Recomendada 2023","datePublished":"2023-02-03T14:48:00+00:00","dateModified":"2025-01-31T15:43:51+00:00","mainEntityOfPage":{"@id":"https:\/\/www.edenred.pt\/en\/news\/edenred\/euroticket-refeicao-is-marca-recomendada-2023\/"},"wordCount":158,"publisher":{"@id":"https:\/\/edenred.pt\/#organization"},"image":{"@id":"https:\/\/www.edenred.pt\/en\/news\/edenred\/euroticket-refeicao-is-marca-recomendada-2023\/#primaryimage"},"thumbnailUrl":"https:\/\/www.edenred.pt\/wp-content\/uploads\/2023\/02\/Marca-Recomendada.jpg","keywords":["Edenred Refei\u00e7\u00e3o","Awards"],"articleSection":["Edenred"],"inLanguage":"en-US"},{"@type":"WebPage","@id":"https:\/\/www.edenred.pt\/en\/news\/edenred\/euroticket-refeicao-is-marca-recomendada-2023\/","url":"https:\/\/www.edenred.pt\/en\/news\/edenred\/euroticket-refeicao-is-marca-recomendada-2023\/","name":"Euroticket Refei\u00e7\u00e3o is Marca Recomendada 2023 - Edenred Portugal","isPartOf":{"@id":"https:\/\/edenred.pt\/#website"},"primaryImageOfPage":{"@id":"https:\/\/www.edenred.pt\/en\/news\/edenred\/euroticket-refeicao-is-marca-recomendada-2023\/#primaryimage"},"image":{"@id":"https:\/\/www.edenred.pt\/en\/news\/edenred\/euroticket-refeicao-is-marca-recomendada-2023\/#primaryimage"},"thumbnailUrl":"https:\/\/www.edenred.pt\/wp-content\/uploads\/2023\/02\/Marca-Recomendada.jpg","datePublished":"2023-02-03T14:48:00+00:00","dateModified":"2025-01-31T15:43:51+00:00","description":"In addition to Pr\u00e9mio Cinco Estrelas, Edenred has now won the 2023 Marca Recomendada Award from Consumers Trust.","breadcrumb":{"@id":"https:\/\/www.edenred.pt\/en\/news\/edenred\/euroticket-refeicao-is-marca-recomendada-2023\/#breadcrumb"},"inLanguage":"en-US","potentialAction":[{"@type":"ReadAction","target":["https:\/\/www.edenred.pt\/en\/news\/edenred\/euroticket-refeicao-is-marca-recomendada-2023\/"]}]},{"@type":"ImageObject","inLanguage":"en-US","@id":"https:\/\/www.edenred.pt\/en\/news\/edenred\/euroticket-refeicao-is-marca-recomendada-2023\/#primaryimage","url":"https:\/\/www.edenred.pt\/wp-content\/uploads\/2023\/02\/Marca-Recomendada.jpg","contentUrl":"https:\/\/www.edenred.pt\/wp-content\/uploads\/2023\/02\/Marca-Recomendada.jpg","width":1798,"height":1080,"caption":"Marca Recomendada 2023"},{"@type":"BreadcrumbList","@id":"https:\/\/www.edenred.pt\/en\/news\/edenred\/euroticket-refeicao-is-marca-recomendada-2023\/#breadcrumb","itemListElement":[{"@type":"ListItem","position":1,"name":"Start","item":"https:\/\/www.edenred.pt\/en\/"},{"@type":"ListItem","position":2,"name":"Euroticket Refei\u00e7\u00e3o is Marca Recomendada 2023"}]},{"@type":"WebSite","@id":"https:\/\/edenred.pt\/#website","url":"https:\/\/edenred.pt\/","name":"Edenred Portugal","description":"Edenred Portugal","publisher":{"@id":"https:\/\/edenred.pt\/#organization"},"potentialAction":[{"@type":"SearchAction","target":{"@type":"EntryPoint","urlTemplate":"https:\/\/edenred.pt\/?s={search_term_string}"},"query-input":{"@type":"PropertyValueSpecification","valueRequired":true,"valueName":"search_term_string"}}],"inLanguage":"en-US"},{"@type":"Organization","@id":"https:\/\/edenred.pt\/#organization","name":"Edenred","url":"https:\/\/edenred.pt\/","logo":{"@type":"ImageObject","inLanguage":"en-US","@id":"https:\/\/edenred.pt\/#\/schema\/logo\/image\/","url":"https:\/\/www.edenred.pt\/wp-content\/uploads\/2022\/04\/logo-edenred.png","contentUrl":"https:\/\/www.edenred.pt\/wp-content\/uploads\/2022\/04\/logo-edenred.png","width":176,"height":109,"caption":"Edenred"},"image":{"@id":"https:\/\/edenred.pt\/#\/schema\/logo\/image\/"},"sameAs":["https:\/\/www.facebook.com\/edenred.portugal","https:\/\/www.instagram.com\/edenred.portugal\/","https:\/\/www.linkedin.com\/company\/edenred-portugal\/"]},{"@type":"Person","@id":"https:\/\/edenred.pt\/#\/schema\/person\/d8f44f3ed76bdfb743abb900b1b038bb","name":"Eduardo Tavares","image":{"@type":"ImageObject","inLanguage":"en-US","@id":"https:\/\/secure.gravatar.com\/avatar\/5f9496ddb263e597a5a7db1ae5d8b75b0e0a9accb5cbb4606e02aff1b079c3e3?s=96&d=mm&r=g","url":"https:\/\/secure.gravatar.com\/avatar\/5f9496ddb263e597a5a7db1ae5d8b75b0e0a9accb5cbb4606e02aff1b079c3e3?s=96&d=mm&r=g","contentUrl":"https:\/\/secure.gravatar.com\/avatar\/5f9496ddb263e597a5a7db1ae5d8b75b0e0a9accb5cbb4606e02aff1b079c3e3?s=96&d=mm&r=g","caption":"Eduardo Tavares"}}]}},"_links":{"self":[{"href":"https:\/\/www.edenred.pt\/en\/wp-json\/wp\/v2\/posts\/115857","targetHints":{"allow":["GET"]}}],"collection":[{"href":"https:\/\/www.edenred.pt\/en\/wp-json\/wp\/v2\/posts"}],"about":[{"href":"https:\/\/www.edenred.pt\/en\/wp-json\/wp\/v2\/types\/post"}],"author":[{"embeddable":true,"href":"https:\/\/www.edenred.pt\/en\/wp-json\/wp\/v2\/users\/4"}],"replies":[{"embeddable":true,"href":"https:\/\/www.edenred.pt\/en\/wp-json\/wp\/v2\/comments?post=115857"}],"version-history":[{"count":5,"href":"https:\/\/www.edenred.pt\/en\/wp-json\/wp\/v2\/posts\/115857\/revisions"}],"predecessor-version":[{"id":116855,"href":"https:\/\/www.edenred.pt\/en\/wp-json\/wp\/v2\/posts\/115857\/revisions\/116855"}],"wp:featuredmedia":[{"embeddable":true,"href":"https:\/\/www.edenred.pt\/en\/wp-json\/wp\/v2\/media\/110781"}],"wp:attachment":[{"href":"https:\/\/www.edenred.pt\/en\/wp-json\/wp\/v2\/media?parent=115857"}],"wp:term":[{"taxonomy":"category","embeddable":true,"href":"https:\/\/www.edenred.pt\/en\/wp-json\/wp\/v2\/categories?post=115857"},{"taxonomy":"post_tag","embeddable":true,"href":"https:\/\/www.edenred.pt\/en\/wp-json\/wp\/v2\/tags?post=115857"},{"taxonomy":"target","embeddable":true,"href":"https:\/\/www.edenred.pt\/en\/wp-json\/wp\/v2\/target?post=115857"}],"curies":[{"name":"wp","href":"https:\/\/api.w.org\/{rel}","templated":true}]}}