{"id":115899,"date":"2023-06-05T16:52:07","date_gmt":"2023-06-05T16:52:07","guid":{"rendered":"https:\/\/edenred.pt\/uncategorized\/edenred-wins-innovation-in-prevention-award\/"},"modified":"2025-01-31T16:14:16","modified_gmt":"2025-01-31T16:14:16","slug":"edenred-wins-inovacao-em-prevencao-award","status":"publish","type":"post","link":"https:\/\/www.edenred.pt\/en\/news\/edenred\/edenred-wins-inovacao-em-prevencao-award\/","title":{"rendered":"Edenred wins Inova\u00e7\u00e3o em Preven\u00e7\u00e3o Award"},"content":{"rendered":"\n<p>Edenred was awarded the <strong>Inova\u00e7\u00e3o em Preven\u00e7\u00e3o Prize<\/strong> in the &#8220;Heritage&#8221; category.<\/p>\n\n\n\n<p>The 3rd edition of the awards ceremony took place on May 18th at the Ageas Tejo Building in Lisbon.<\/p>\n\n\n\n<h2 class=\"wp-block-heading\">About the Inova\u00e7\u00e3o em Preven\u00e7\u00e3o Award<\/h2>\n\n\n\n<p><a href=\"https:\/\/www.ageas.pt\/empresas\/premio-inovacao-em-prevencao\/\" target=\"_blank\" rel=\"noreferrer noopener\">Inova\u00e7\u00e3o em Preven\u00e7\u00e3o Awards<\/a> are organized by Ageas Seguros and Exame magazine, in partnership with the Order of Economists and ISQ. This initiative aims to distinguish the <strong>best business projects in terms of prevention and safety<\/strong>.<\/p>\n\n\n\n<p>The awards are given in three categories:<\/p>\n\n\n\n<ul class=\"wp-block-list\">\n<li>People;<\/li>\n\n\n\n<li>Heritage;<\/li>\n\n\n\n<li>Environment.<\/li>\n<\/ul>\n\n\n\n<h2 class=\"wp-block-heading\">Edenred wins in the Heritage category<\/h2>\n\n\n\n<p>In the Heritage category, the jury assesses how companies promote <strong>business continuity<\/strong>, as well as the <strong>prevention and protection of their infrastructures<\/strong>. Aspects such as the protection of buildings, business continuity and cybersecurity, among others, are analyzed. <\/p>\n\n\n\n<p><a href=\"https:\/\/www.grupoageas.pt\/sobre-o-grupo-ageas\/noticias-do-grupo\/ageas-seguros-anuncia-os-vencedores-do-premio-inovacao-em-prevencao\" target=\"_blank\" rel=\"noreferrer noopener\">It was considered that Edenred implements various measures<\/a> to secure its facilities and assets, as well as to maintain cybersecurity.<\/p>\n\n\n\n<p><\/p>\n\n\n\n<p><br>We are very pleased with this distinction, which recognizes Edenred&#8217;s continuous and consistent work in these areas. Many thanks to the jury for their confidence! <\/p>\n\n\n\n<p><\/p>\n\n\n\n<p><br>Discover <a href=\"https:\/\/edenred.pt\/en\/tag\/awards\/\" target=\"_blank\" rel=\"noreferrer noopener\">other awards<\/a> that Edenred has won.<\/p>\n\n\n\n<p><\/p>\n\n\n\n<p><\/p>\n","protected":false},"excerpt":{"rendered":"Edenred was awarded the Inova\u00e7\u00e3o em Preven\u00e7\u00e3o Prize in the &#8220;Heritage&#8221; category. The 3rd edition of the awards ceremony took place on May 18th at the Ageas Tejo Building in Lisbon. About the Inova\u00e7\u00e3o em Preven\u00e7\u00e3o Award Inova\u00e7\u00e3o em Preven\u00e7\u00e3o Awards are organized by Ageas Seguros and Exame magazine, in partnership with the Order of&#8230;","protected":false},"author":4,"featured_media":111522,"comment_status":"closed","ping_status":"closed","sticky":false,"template":"","format":"standard","meta":{"_acf_changed":false,"content-type":"","inline_featured_image":false,"footnotes":""},"categories":[124],"tags":[235],"target":[202],"class_list":["post-115899","post","type-post","status-publish","format-standard","has-post-thumbnail","hentry","category-edenred","tag-awards","target-company"],"acf":[],"yoast_head":"<!-- This site is optimized with the Yoast SEO plugin v27.3 - https:\/\/yoast.com\/product\/yoast-seo-wordpress\/ -->\n<title>Edenred wins Inova\u00e7\u00e3o em Preven\u00e7\u00e3o Award - Edenred Portugal<\/title>\n<meta name=\"description\" content=\"Edenred was awarded with the Inova\u00e7\u00e3o em Preven\u00e7\u00e3o Prize in the &quot;Heritage&quot; category. Discover the criteria evaluated.\" \/>\n<meta name=\"robots\" content=\"index, follow, max-snippet:-1, max-image-preview:large, max-video-preview:-1\" \/>\n<link rel=\"canonical\" href=\"https:\/\/www.edenred.pt\/en\/news\/edenred\/edenred-wins-inovacao-em-prevencao-award\/\" \/>\n<meta property=\"og:locale\" content=\"en_US\" \/>\n<meta property=\"og:type\" content=\"article\" \/>\n<meta property=\"og:title\" content=\"Edenred wins Inova\u00e7\u00e3o em Preven\u00e7\u00e3o Award - Edenred Portugal\" \/>\n<meta property=\"og:description\" content=\"Edenred was awarded with the Inova\u00e7\u00e3o em Preven\u00e7\u00e3o Prize in the &quot;Heritage&quot; category. Discover the criteria evaluated.\" \/>\n<meta property=\"og:url\" content=\"https:\/\/www.edenred.pt\/en\/news\/edenred\/edenred-wins-inovacao-em-prevencao-award\/\" \/>\n<meta property=\"og:site_name\" content=\"Edenred Portugal\" \/>\n<meta property=\"article:publisher\" content=\"https:\/\/www.facebook.com\/edenred.portugal\" \/>\n<meta property=\"article:published_time\" content=\"2023-06-05T16:52:07+00:00\" \/>\n<meta property=\"article:modified_time\" content=\"2025-01-31T16:14:16+00:00\" \/>\n<meta property=\"og:image\" content=\"https:\/\/edenred.pt\/wp-content\/uploads\/2023\/06\/Premio-Inovacao-em-Prevencao.jpg\" \/>\n\t<meta property=\"og:image:width\" content=\"2500\" \/>\n\t<meta property=\"og:image:height\" content=\"1500\" \/>\n\t<meta property=\"og:image:type\" content=\"image\/jpeg\" \/>\n<meta name=\"author\" content=\"Eduardo Tavares\" \/>\n<meta name=\"twitter:card\" content=\"summary_large_image\" \/>\n<meta name=\"twitter:label1\" content=\"Written by\" \/>\n\t<meta name=\"twitter:data1\" content=\"Eduardo Tavares\" \/>\n\t<meta name=\"twitter:label2\" content=\"Est. reading time\" \/>\n\t<meta name=\"twitter:data2\" content=\"1 minute\" \/>\n<script type=\"application\/ld+json\" class=\"yoast-schema-graph\">{\"@context\":\"https:\\\/\\\/schema.org\",\"@graph\":[{\"@type\":\"Article\",\"@id\":\"https:\\\/\\\/www.edenred.pt\\\/en\\\/news\\\/edenred\\\/edenred-wins-inovacao-em-prevencao-award\\\/#article\",\"isPartOf\":{\"@id\":\"https:\\\/\\\/www.edenred.pt\\\/en\\\/news\\\/edenred\\\/edenred-wins-inovacao-em-prevencao-award\\\/\"},\"author\":{\"name\":\"Eduardo Tavares\",\"@id\":\"https:\\\/\\\/edenred.pt\\\/#\\\/schema\\\/person\\\/d8f44f3ed76bdfb743abb900b1b038bb\"},\"headline\":\"Edenred wins Inova\u00e7\u00e3o em Preven\u00e7\u00e3o Award\",\"datePublished\":\"2023-06-05T16:52:07+00:00\",\"dateModified\":\"2025-01-31T16:14:16+00:00\",\"mainEntityOfPage\":{\"@id\":\"https:\\\/\\\/www.edenred.pt\\\/en\\\/news\\\/edenred\\\/edenred-wins-inovacao-em-prevencao-award\\\/\"},\"wordCount\":192,\"publisher\":{\"@id\":\"https:\\\/\\\/edenred.pt\\\/#organization\"},\"image\":{\"@id\":\"https:\\\/\\\/www.edenred.pt\\\/en\\\/news\\\/edenred\\\/edenred-wins-inovacao-em-prevencao-award\\\/#primaryimage\"},\"thumbnailUrl\":\"https:\\\/\\\/www.edenred.pt\\\/wp-content\\\/uploads\\\/2023\\\/06\\\/Premio-Inovacao-em-Prevencao.jpg\",\"keywords\":[\"Awards\"],\"articleSection\":[\"Edenred\"],\"inLanguage\":\"en-US\"},{\"@type\":\"WebPage\",\"@id\":\"https:\\\/\\\/www.edenred.pt\\\/en\\\/news\\\/edenred\\\/edenred-wins-inovacao-em-prevencao-award\\\/\",\"url\":\"https:\\\/\\\/www.edenred.pt\\\/en\\\/news\\\/edenred\\\/edenred-wins-inovacao-em-prevencao-award\\\/\",\"name\":\"Edenred wins Inova\u00e7\u00e3o em Preven\u00e7\u00e3o Award - Edenred Portugal\",\"isPartOf\":{\"@id\":\"https:\\\/\\\/edenred.pt\\\/#website\"},\"primaryImageOfPage\":{\"@id\":\"https:\\\/\\\/www.edenred.pt\\\/en\\\/news\\\/edenred\\\/edenred-wins-inovacao-em-prevencao-award\\\/#primaryimage\"},\"image\":{\"@id\":\"https:\\\/\\\/www.edenred.pt\\\/en\\\/news\\\/edenred\\\/edenred-wins-inovacao-em-prevencao-award\\\/#primaryimage\"},\"thumbnailUrl\":\"https:\\\/\\\/www.edenred.pt\\\/wp-content\\\/uploads\\\/2023\\\/06\\\/Premio-Inovacao-em-Prevencao.jpg\",\"datePublished\":\"2023-06-05T16:52:07+00:00\",\"dateModified\":\"2025-01-31T16:14:16+00:00\",\"description\":\"Edenred was awarded with the Inova\u00e7\u00e3o em Preven\u00e7\u00e3o Prize in the \\\"Heritage\\\" category. Discover the criteria evaluated.\",\"breadcrumb\":{\"@id\":\"https:\\\/\\\/www.edenred.pt\\\/en\\\/news\\\/edenred\\\/edenred-wins-inovacao-em-prevencao-award\\\/#breadcrumb\"},\"inLanguage\":\"en-US\",\"potentialAction\":[{\"@type\":\"ReadAction\",\"target\":[\"https:\\\/\\\/www.edenred.pt\\\/en\\\/news\\\/edenred\\\/edenred-wins-inovacao-em-prevencao-award\\\/\"]}]},{\"@type\":\"ImageObject\",\"inLanguage\":\"en-US\",\"@id\":\"https:\\\/\\\/www.edenred.pt\\\/en\\\/news\\\/edenred\\\/edenred-wins-inovacao-em-prevencao-award\\\/#primaryimage\",\"url\":\"https:\\\/\\\/www.edenred.pt\\\/wp-content\\\/uploads\\\/2023\\\/06\\\/Premio-Inovacao-em-Prevencao.jpg\",\"contentUrl\":\"https:\\\/\\\/www.edenred.pt\\\/wp-content\\\/uploads\\\/2023\\\/06\\\/Premio-Inovacao-em-Prevencao.jpg\",\"width\":2500,\"height\":1500,\"caption\":\"Pr\u00e9mio Inova\u00e7\u00e3o em Preven\u00e7\u00e3o\"},{\"@type\":\"BreadcrumbList\",\"@id\":\"https:\\\/\\\/www.edenred.pt\\\/en\\\/news\\\/edenred\\\/edenred-wins-inovacao-em-prevencao-award\\\/#breadcrumb\",\"itemListElement\":[{\"@type\":\"ListItem\",\"position\":1,\"name\":\"Start\",\"item\":\"https:\\\/\\\/www.edenred.pt\\\/en\\\/\"},{\"@type\":\"ListItem\",\"position\":2,\"name\":\"Edenred wins Inova\u00e7\u00e3o em Preven\u00e7\u00e3o Award\"}]},{\"@type\":\"WebSite\",\"@id\":\"https:\\\/\\\/edenred.pt\\\/#website\",\"url\":\"https:\\\/\\\/edenred.pt\\\/\",\"name\":\"Edenred Portugal\",\"description\":\"Edenred Portugal\",\"publisher\":{\"@id\":\"https:\\\/\\\/edenred.pt\\\/#organization\"},\"potentialAction\":[{\"@type\":\"SearchAction\",\"target\":{\"@type\":\"EntryPoint\",\"urlTemplate\":\"https:\\\/\\\/edenred.pt\\\/?s={search_term_string}\"},\"query-input\":{\"@type\":\"PropertyValueSpecification\",\"valueRequired\":true,\"valueName\":\"search_term_string\"}}],\"inLanguage\":\"en-US\"},{\"@type\":\"Organization\",\"@id\":\"https:\\\/\\\/edenred.pt\\\/#organization\",\"name\":\"Edenred\",\"url\":\"https:\\\/\\\/edenred.pt\\\/\",\"logo\":{\"@type\":\"ImageObject\",\"inLanguage\":\"en-US\",\"@id\":\"https:\\\/\\\/edenred.pt\\\/#\\\/schema\\\/logo\\\/image\\\/\",\"url\":\"https:\\\/\\\/www.edenred.pt\\\/wp-content\\\/uploads\\\/2022\\\/04\\\/logo-edenred.png\",\"contentUrl\":\"https:\\\/\\\/www.edenred.pt\\\/wp-content\\\/uploads\\\/2022\\\/04\\\/logo-edenred.png\",\"width\":176,\"height\":109,\"caption\":\"Edenred\"},\"image\":{\"@id\":\"https:\\\/\\\/edenred.pt\\\/#\\\/schema\\\/logo\\\/image\\\/\"},\"sameAs\":[\"https:\\\/\\\/www.facebook.com\\\/edenred.portugal\",\"https:\\\/\\\/www.instagram.com\\\/edenred.portugal\\\/\",\"https:\\\/\\\/www.linkedin.com\\\/company\\\/edenred-portugal\\\/\"]},{\"@type\":\"Person\",\"@id\":\"https:\\\/\\\/edenred.pt\\\/#\\\/schema\\\/person\\\/d8f44f3ed76bdfb743abb900b1b038bb\",\"name\":\"Eduardo Tavares\",\"image\":{\"@type\":\"ImageObject\",\"inLanguage\":\"en-US\",\"@id\":\"https:\\\/\\\/secure.gravatar.com\\\/avatar\\\/5f9496ddb263e597a5a7db1ae5d8b75b0e0a9accb5cbb4606e02aff1b079c3e3?s=96&d=mm&r=g\",\"url\":\"https:\\\/\\\/secure.gravatar.com\\\/avatar\\\/5f9496ddb263e597a5a7db1ae5d8b75b0e0a9accb5cbb4606e02aff1b079c3e3?s=96&d=mm&r=g\",\"contentUrl\":\"https:\\\/\\\/secure.gravatar.com\\\/avatar\\\/5f9496ddb263e597a5a7db1ae5d8b75b0e0a9accb5cbb4606e02aff1b079c3e3?s=96&d=mm&r=g\",\"caption\":\"Eduardo Tavares\"}}]}<\/script>\n<!-- \/ Yoast SEO plugin. -->","yoast_head_json":{"title":"Edenred wins Inova\u00e7\u00e3o em Preven\u00e7\u00e3o Award - Edenred Portugal","description":"Edenred was awarded with the Inova\u00e7\u00e3o em Preven\u00e7\u00e3o Prize in the \"Heritage\" category. Discover the criteria evaluated.","robots":{"index":"index","follow":"follow","max-snippet":"max-snippet:-1","max-image-preview":"max-image-preview:large","max-video-preview":"max-video-preview:-1"},"canonical":"https:\/\/www.edenred.pt\/en\/news\/edenred\/edenred-wins-inovacao-em-prevencao-award\/","og_locale":"en_US","og_type":"article","og_title":"Edenred wins Inova\u00e7\u00e3o em Preven\u00e7\u00e3o Award - Edenred Portugal","og_description":"Edenred was awarded with the Inova\u00e7\u00e3o em Preven\u00e7\u00e3o Prize in the \"Heritage\" category. Discover the criteria evaluated.","og_url":"https:\/\/www.edenred.pt\/en\/news\/edenred\/edenred-wins-inovacao-em-prevencao-award\/","og_site_name":"Edenred Portugal","article_publisher":"https:\/\/www.facebook.com\/edenred.portugal","article_published_time":"2023-06-05T16:52:07+00:00","article_modified_time":"2025-01-31T16:14:16+00:00","og_image":[{"width":2500,"height":1500,"url":"https:\/\/edenred.pt\/wp-content\/uploads\/2023\/06\/Premio-Inovacao-em-Prevencao.jpg","type":"image\/jpeg"}],"author":"Eduardo Tavares","twitter_card":"summary_large_image","twitter_misc":{"Written by":"Eduardo Tavares","Est. reading time":"1 minute"},"schema":{"@context":"https:\/\/schema.org","@graph":[{"@type":"Article","@id":"https:\/\/www.edenred.pt\/en\/news\/edenred\/edenred-wins-inovacao-em-prevencao-award\/#article","isPartOf":{"@id":"https:\/\/www.edenred.pt\/en\/news\/edenred\/edenred-wins-inovacao-em-prevencao-award\/"},"author":{"name":"Eduardo Tavares","@id":"https:\/\/edenred.pt\/#\/schema\/person\/d8f44f3ed76bdfb743abb900b1b038bb"},"headline":"Edenred wins Inova\u00e7\u00e3o em Preven\u00e7\u00e3o Award","datePublished":"2023-06-05T16:52:07+00:00","dateModified":"2025-01-31T16:14:16+00:00","mainEntityOfPage":{"@id":"https:\/\/www.edenred.pt\/en\/news\/edenred\/edenred-wins-inovacao-em-prevencao-award\/"},"wordCount":192,"publisher":{"@id":"https:\/\/edenred.pt\/#organization"},"image":{"@id":"https:\/\/www.edenred.pt\/en\/news\/edenred\/edenred-wins-inovacao-em-prevencao-award\/#primaryimage"},"thumbnailUrl":"https:\/\/www.edenred.pt\/wp-content\/uploads\/2023\/06\/Premio-Inovacao-em-Prevencao.jpg","keywords":["Awards"],"articleSection":["Edenred"],"inLanguage":"en-US"},{"@type":"WebPage","@id":"https:\/\/www.edenred.pt\/en\/news\/edenred\/edenred-wins-inovacao-em-prevencao-award\/","url":"https:\/\/www.edenred.pt\/en\/news\/edenred\/edenred-wins-inovacao-em-prevencao-award\/","name":"Edenred wins Inova\u00e7\u00e3o em Preven\u00e7\u00e3o Award - Edenred Portugal","isPartOf":{"@id":"https:\/\/edenred.pt\/#website"},"primaryImageOfPage":{"@id":"https:\/\/www.edenred.pt\/en\/news\/edenred\/edenred-wins-inovacao-em-prevencao-award\/#primaryimage"},"image":{"@id":"https:\/\/www.edenred.pt\/en\/news\/edenred\/edenred-wins-inovacao-em-prevencao-award\/#primaryimage"},"thumbnailUrl":"https:\/\/www.edenred.pt\/wp-content\/uploads\/2023\/06\/Premio-Inovacao-em-Prevencao.jpg","datePublished":"2023-06-05T16:52:07+00:00","dateModified":"2025-01-31T16:14:16+00:00","description":"Edenred was awarded with the Inova\u00e7\u00e3o em Preven\u00e7\u00e3o Prize in the \"Heritage\" category. Discover the criteria evaluated.","breadcrumb":{"@id":"https:\/\/www.edenred.pt\/en\/news\/edenred\/edenred-wins-inovacao-em-prevencao-award\/#breadcrumb"},"inLanguage":"en-US","potentialAction":[{"@type":"ReadAction","target":["https:\/\/www.edenred.pt\/en\/news\/edenred\/edenred-wins-inovacao-em-prevencao-award\/"]}]},{"@type":"ImageObject","inLanguage":"en-US","@id":"https:\/\/www.edenred.pt\/en\/news\/edenred\/edenred-wins-inovacao-em-prevencao-award\/#primaryimage","url":"https:\/\/www.edenred.pt\/wp-content\/uploads\/2023\/06\/Premio-Inovacao-em-Prevencao.jpg","contentUrl":"https:\/\/www.edenred.pt\/wp-content\/uploads\/2023\/06\/Premio-Inovacao-em-Prevencao.jpg","width":2500,"height":1500,"caption":"Pr\u00e9mio Inova\u00e7\u00e3o em Preven\u00e7\u00e3o"},{"@type":"BreadcrumbList","@id":"https:\/\/www.edenred.pt\/en\/news\/edenred\/edenred-wins-inovacao-em-prevencao-award\/#breadcrumb","itemListElement":[{"@type":"ListItem","position":1,"name":"Start","item":"https:\/\/www.edenred.pt\/en\/"},{"@type":"ListItem","position":2,"name":"Edenred wins Inova\u00e7\u00e3o em Preven\u00e7\u00e3o Award"}]},{"@type":"WebSite","@id":"https:\/\/edenred.pt\/#website","url":"https:\/\/edenred.pt\/","name":"Edenred Portugal","description":"Edenred Portugal","publisher":{"@id":"https:\/\/edenred.pt\/#organization"},"potentialAction":[{"@type":"SearchAction","target":{"@type":"EntryPoint","urlTemplate":"https:\/\/edenred.pt\/?s={search_term_string}"},"query-input":{"@type":"PropertyValueSpecification","valueRequired":true,"valueName":"search_term_string"}}],"inLanguage":"en-US"},{"@type":"Organization","@id":"https:\/\/edenred.pt\/#organization","name":"Edenred","url":"https:\/\/edenred.pt\/","logo":{"@type":"ImageObject","inLanguage":"en-US","@id":"https:\/\/edenred.pt\/#\/schema\/logo\/image\/","url":"https:\/\/www.edenred.pt\/wp-content\/uploads\/2022\/04\/logo-edenred.png","contentUrl":"https:\/\/www.edenred.pt\/wp-content\/uploads\/2022\/04\/logo-edenred.png","width":176,"height":109,"caption":"Edenred"},"image":{"@id":"https:\/\/edenred.pt\/#\/schema\/logo\/image\/"},"sameAs":["https:\/\/www.facebook.com\/edenred.portugal","https:\/\/www.instagram.com\/edenred.portugal\/","https:\/\/www.linkedin.com\/company\/edenred-portugal\/"]},{"@type":"Person","@id":"https:\/\/edenred.pt\/#\/schema\/person\/d8f44f3ed76bdfb743abb900b1b038bb","name":"Eduardo Tavares","image":{"@type":"ImageObject","inLanguage":"en-US","@id":"https:\/\/secure.gravatar.com\/avatar\/5f9496ddb263e597a5a7db1ae5d8b75b0e0a9accb5cbb4606e02aff1b079c3e3?s=96&d=mm&r=g","url":"https:\/\/secure.gravatar.com\/avatar\/5f9496ddb263e597a5a7db1ae5d8b75b0e0a9accb5cbb4606e02aff1b079c3e3?s=96&d=mm&r=g","contentUrl":"https:\/\/secure.gravatar.com\/avatar\/5f9496ddb263e597a5a7db1ae5d8b75b0e0a9accb5cbb4606e02aff1b079c3e3?s=96&d=mm&r=g","caption":"Eduardo Tavares"}}]}},"_links":{"self":[{"href":"https:\/\/www.edenred.pt\/en\/wp-json\/wp\/v2\/posts\/115899","targetHints":{"allow":["GET"]}}],"collection":[{"href":"https:\/\/www.edenred.pt\/en\/wp-json\/wp\/v2\/posts"}],"about":[{"href":"https:\/\/www.edenred.pt\/en\/wp-json\/wp\/v2\/types\/post"}],"author":[{"embeddable":true,"href":"https:\/\/www.edenred.pt\/en\/wp-json\/wp\/v2\/users\/4"}],"replies":[{"embeddable":true,"href":"https:\/\/www.edenred.pt\/en\/wp-json\/wp\/v2\/comments?post=115899"}],"version-history":[{"count":3,"href":"https:\/\/www.edenred.pt\/en\/wp-json\/wp\/v2\/posts\/115899\/revisions"}],"predecessor-version":[{"id":115930,"href":"https:\/\/www.edenred.pt\/en\/wp-json\/wp\/v2\/posts\/115899\/revisions\/115930"}],"wp:featuredmedia":[{"embeddable":true,"href":"https:\/\/www.edenred.pt\/en\/wp-json\/wp\/v2\/media\/111522"}],"wp:attachment":[{"href":"https:\/\/www.edenred.pt\/en\/wp-json\/wp\/v2\/media?parent=115899"}],"wp:term":[{"taxonomy":"category","embeddable":true,"href":"https:\/\/www.edenred.pt\/en\/wp-json\/wp\/v2\/categories?post=115899"},{"taxonomy":"post_tag","embeddable":true,"href":"https:\/\/www.edenred.pt\/en\/wp-json\/wp\/v2\/tags?post=115899"},{"taxonomy":"target","embeddable":true,"href":"https:\/\/www.edenred.pt\/en\/wp-json\/wp\/v2\/target?post=115899"}],"curies":[{"name":"wp","href":"https:\/\/api.w.org\/{rel}","templated":true}]}}