{"id":115961,"date":"2022-06-27T14:37:00","date_gmt":"2022-06-27T14:37:00","guid":{"rendered":"https:\/\/edenred.pt\/uncategorized\/euroticket-meal-is-a-recommended-brand-2022\/"},"modified":"2025-01-31T16:30:12","modified_gmt":"2025-01-31T16:30:12","slug":"euroticket-refeicao-is-marca-recomendada-2022","status":"publish","type":"post","link":"https:\/\/www.edenred.pt\/en\/news\/edenred\/euroticket-refeicao-is-marca-recomendada-2022\/","title":{"rendered":"Euroticket Refei\u00e7\u00e3o is Marca Recomendada 2022"},"content":{"rendered":"\n<p><a href=\"https:\/\/edenred.pt\/en\/benefits\/edenred-refeicao\/\" target=\"_blank\" rel=\"noreferrer noopener\">Euroticket Refei\u00e7\u00e3o<\/a> is among the brands honored with the Marca Recomendada 2022 Award.<\/p>\n\n\n\n<p>The <a href=\"https:\/\/portaldaqueixa.com\/news\/euroticket-refeicao-premio-marca-recomendada\" target=\"_blank\" rel=\"noreferrer noopener\">distinction was awarded by Consumers Trust<\/a> to the brands that stand out with the best satisfaction rating on <strong>Portal da Queixa<\/strong>. This satisfaction index results from the evaluations made by consumers on this platform.<\/p>\n\n\n\n<figure class=\"wp-block-image aligncenter size-large is-resized\"><img loading=\"lazy\" decoding=\"async\" width=\"93\" height=\"115\" src=\"https:\/\/edenred.pt\/wp-content\/uploads\/2023\/02\/Marca-Recomendada-2022.svg\" alt=\"\" class=\"wp-image-110767\" style=\"width:168px;height:210px\"\/><\/figure>\n\n\n\n<h2 class=\"wp-block-heading\">About Marca Recomendada Award<\/h2>\n\n\n\n<p>This year only the leading brands in each category were awarded and <a href=\"https:\/\/portaldaqueixa.com\/brands\/euroticket-edenred-portugal\" target=\"_blank\" rel=\"noreferrer noopener\">Euroticket Refei\u00e7\u00e3o is the brand with the best ranking in the meal card category<\/a>.<br><\/p>\n\n\n\n<p><\/p>\n\n\n\n<p><br>Edenred works every day to ensure maximum satisfaction for users of its various solutions, including the Euroticket meal card.<\/p>\n\n\n\n<p>We are therefore very pleased and grateful for this distinction. We will continue to optimize all the processes that enable us to provide an ever closer, more transparent and more efficient service. <\/p>\n\n\n\n<p>Thank you all!<br><br><br><em><strong>As of July 2023, the Euroticket Refei\u00e7\u00e3o benefit was renamed Edenred <em><strong>Refei\u00e7\u00e3o<\/strong><\/em><\/strong><\/em>.<\/p>\n","protected":false},"excerpt":{"rendered":"Euroticket Refei\u00e7\u00e3o is among the brands honored with the Marca Recomendada 2022 Award. The distinction was awarded by Consumers Trust to the brands that stand out with the best satisfaction rating on Portal da Queixa. This satisfaction index results from the evaluations made by consumers on this platform. About Marca Recomendada Award This year only&#8230;","protected":false},"author":4,"featured_media":110774,"comment_status":"closed","ping_status":"closed","sticky":false,"template":"","format":"standard","meta":{"_acf_changed":false,"content-type":"","inline_featured_image":false,"footnotes":""},"categories":[124],"tags":[125,235],"target":[128],"class_list":["post-115961","post","type-post","status-publish","format-standard","has-post-thumbnail","hentry","category-edenred","tag-edenred-refeicao","tag-awards","target-user"],"acf":[],"yoast_head":"<!-- This site is optimized with the Yoast SEO plugin v27.3 - https:\/\/yoast.com\/product\/yoast-seo-wordpress\/ -->\n<title>Euroticket Refei\u00e7\u00e3o is Marca Recomendada 2022 - Edenred Portugal<\/title>\n<meta name=\"description\" content=\"Euroticket Refei\u00e7\u00e3o is among the brands honored with the Marca Recomendada 2022 Award.\" \/>\n<meta name=\"robots\" content=\"index, follow, max-snippet:-1, max-image-preview:large, max-video-preview:-1\" \/>\n<link rel=\"canonical\" href=\"https:\/\/www.edenred.pt\/en\/news\/edenred\/euroticket-refeicao-is-marca-recomendada-2022\/\" \/>\n<meta property=\"og:locale\" content=\"en_US\" \/>\n<meta property=\"og:type\" content=\"article\" \/>\n<meta property=\"og:title\" content=\"Euroticket Refei\u00e7\u00e3o is Marca Recomendada 2022 - Edenred Portugal\" \/>\n<meta property=\"og:description\" content=\"Euroticket Refei\u00e7\u00e3o is among the brands honored with the Marca Recomendada 2022 Award.\" \/>\n<meta property=\"og:url\" content=\"https:\/\/www.edenred.pt\/en\/news\/edenred\/euroticket-refeicao-is-marca-recomendada-2022\/\" \/>\n<meta property=\"og:site_name\" content=\"Edenred Portugal\" \/>\n<meta property=\"article:publisher\" content=\"https:\/\/www.facebook.com\/edenred.portugal\" \/>\n<meta property=\"article:published_time\" content=\"2022-06-27T14:37:00+00:00\" \/>\n<meta property=\"article:modified_time\" content=\"2025-01-31T16:30:12+00:00\" \/>\n<meta property=\"og:image\" content=\"https:\/\/edenred.pt\/wp-content\/uploads\/2022\/06\/Marca-Recomendada-2022.jpg\" \/>\n\t<meta property=\"og:image:width\" content=\"1798\" \/>\n\t<meta property=\"og:image:height\" content=\"1080\" \/>\n\t<meta property=\"og:image:type\" content=\"image\/jpeg\" \/>\n<meta name=\"author\" content=\"Eduardo Tavares\" \/>\n<meta name=\"twitter:card\" content=\"summary_large_image\" \/>\n<meta name=\"twitter:label1\" content=\"Written by\" \/>\n\t<meta name=\"twitter:data1\" content=\"Eduardo Tavares\" \/>\n\t<meta name=\"twitter:label2\" content=\"Est. reading time\" \/>\n\t<meta name=\"twitter:data2\" content=\"2 minutes\" \/>\n<script type=\"application\/ld+json\" class=\"yoast-schema-graph\">{\"@context\":\"https:\\\/\\\/schema.org\",\"@graph\":[{\"@type\":\"Article\",\"@id\":\"https:\\\/\\\/www.edenred.pt\\\/en\\\/news\\\/edenred\\\/euroticket-refeicao-is-marca-recomendada-2022\\\/#article\",\"isPartOf\":{\"@id\":\"https:\\\/\\\/www.edenred.pt\\\/en\\\/news\\\/edenred\\\/euroticket-refeicao-is-marca-recomendada-2022\\\/\"},\"author\":{\"name\":\"Eduardo Tavares\",\"@id\":\"https:\\\/\\\/edenred.pt\\\/#\\\/schema\\\/person\\\/d8f44f3ed76bdfb743abb900b1b038bb\"},\"headline\":\"Euroticket Refei\u00e7\u00e3o is Marca Recomendada 2022\",\"datePublished\":\"2022-06-27T14:37:00+00:00\",\"dateModified\":\"2025-01-31T16:30:12+00:00\",\"mainEntityOfPage\":{\"@id\":\"https:\\\/\\\/www.edenred.pt\\\/en\\\/news\\\/edenred\\\/euroticket-refeicao-is-marca-recomendada-2022\\\/\"},\"wordCount\":152,\"publisher\":{\"@id\":\"https:\\\/\\\/edenred.pt\\\/#organization\"},\"image\":{\"@id\":\"https:\\\/\\\/www.edenred.pt\\\/en\\\/news\\\/edenred\\\/euroticket-refeicao-is-marca-recomendada-2022\\\/#primaryimage\"},\"thumbnailUrl\":\"https:\\\/\\\/www.edenred.pt\\\/wp-content\\\/uploads\\\/2022\\\/06\\\/Marca-Recomendada-2022.jpg\",\"keywords\":[\"Edenred Refei\u00e7\u00e3o\",\"Awards\"],\"articleSection\":[\"Edenred\"],\"inLanguage\":\"en-US\"},{\"@type\":\"WebPage\",\"@id\":\"https:\\\/\\\/www.edenred.pt\\\/en\\\/news\\\/edenred\\\/euroticket-refeicao-is-marca-recomendada-2022\\\/\",\"url\":\"https:\\\/\\\/www.edenred.pt\\\/en\\\/news\\\/edenred\\\/euroticket-refeicao-is-marca-recomendada-2022\\\/\",\"name\":\"Euroticket Refei\u00e7\u00e3o is Marca Recomendada 2022 - Edenred Portugal\",\"isPartOf\":{\"@id\":\"https:\\\/\\\/edenred.pt\\\/#website\"},\"primaryImageOfPage\":{\"@id\":\"https:\\\/\\\/www.edenred.pt\\\/en\\\/news\\\/edenred\\\/euroticket-refeicao-is-marca-recomendada-2022\\\/#primaryimage\"},\"image\":{\"@id\":\"https:\\\/\\\/www.edenred.pt\\\/en\\\/news\\\/edenred\\\/euroticket-refeicao-is-marca-recomendada-2022\\\/#primaryimage\"},\"thumbnailUrl\":\"https:\\\/\\\/www.edenred.pt\\\/wp-content\\\/uploads\\\/2022\\\/06\\\/Marca-Recomendada-2022.jpg\",\"datePublished\":\"2022-06-27T14:37:00+00:00\",\"dateModified\":\"2025-01-31T16:30:12+00:00\",\"description\":\"Euroticket Refei\u00e7\u00e3o is among the brands honored with the Marca Recomendada 2022 Award.\",\"breadcrumb\":{\"@id\":\"https:\\\/\\\/www.edenred.pt\\\/en\\\/news\\\/edenred\\\/euroticket-refeicao-is-marca-recomendada-2022\\\/#breadcrumb\"},\"inLanguage\":\"en-US\",\"potentialAction\":[{\"@type\":\"ReadAction\",\"target\":[\"https:\\\/\\\/www.edenred.pt\\\/en\\\/news\\\/edenred\\\/euroticket-refeicao-is-marca-recomendada-2022\\\/\"]}]},{\"@type\":\"ImageObject\",\"inLanguage\":\"en-US\",\"@id\":\"https:\\\/\\\/www.edenred.pt\\\/en\\\/news\\\/edenred\\\/euroticket-refeicao-is-marca-recomendada-2022\\\/#primaryimage\",\"url\":\"https:\\\/\\\/www.edenred.pt\\\/wp-content\\\/uploads\\\/2022\\\/06\\\/Marca-Recomendada-2022.jpg\",\"contentUrl\":\"https:\\\/\\\/www.edenred.pt\\\/wp-content\\\/uploads\\\/2022\\\/06\\\/Marca-Recomendada-2022.jpg\",\"width\":1798,\"height\":1080,\"caption\":\"Marca Recomendada 2022\"},{\"@type\":\"BreadcrumbList\",\"@id\":\"https:\\\/\\\/www.edenred.pt\\\/en\\\/news\\\/edenred\\\/euroticket-refeicao-is-marca-recomendada-2022\\\/#breadcrumb\",\"itemListElement\":[{\"@type\":\"ListItem\",\"position\":1,\"name\":\"Start\",\"item\":\"https:\\\/\\\/www.edenred.pt\\\/en\\\/\"},{\"@type\":\"ListItem\",\"position\":2,\"name\":\"Euroticket Refei\u00e7\u00e3o is Marca Recomendada 2022\"}]},{\"@type\":\"WebSite\",\"@id\":\"https:\\\/\\\/edenred.pt\\\/#website\",\"url\":\"https:\\\/\\\/edenred.pt\\\/\",\"name\":\"Edenred Portugal\",\"description\":\"Edenred Portugal\",\"publisher\":{\"@id\":\"https:\\\/\\\/edenred.pt\\\/#organization\"},\"potentialAction\":[{\"@type\":\"SearchAction\",\"target\":{\"@type\":\"EntryPoint\",\"urlTemplate\":\"https:\\\/\\\/edenred.pt\\\/?s={search_term_string}\"},\"query-input\":{\"@type\":\"PropertyValueSpecification\",\"valueRequired\":true,\"valueName\":\"search_term_string\"}}],\"inLanguage\":\"en-US\"},{\"@type\":\"Organization\",\"@id\":\"https:\\\/\\\/edenred.pt\\\/#organization\",\"name\":\"Edenred\",\"url\":\"https:\\\/\\\/edenred.pt\\\/\",\"logo\":{\"@type\":\"ImageObject\",\"inLanguage\":\"en-US\",\"@id\":\"https:\\\/\\\/edenred.pt\\\/#\\\/schema\\\/logo\\\/image\\\/\",\"url\":\"https:\\\/\\\/www.edenred.pt\\\/wp-content\\\/uploads\\\/2022\\\/04\\\/logo-edenred.png\",\"contentUrl\":\"https:\\\/\\\/www.edenred.pt\\\/wp-content\\\/uploads\\\/2022\\\/04\\\/logo-edenred.png\",\"width\":176,\"height\":109,\"caption\":\"Edenred\"},\"image\":{\"@id\":\"https:\\\/\\\/edenred.pt\\\/#\\\/schema\\\/logo\\\/image\\\/\"},\"sameAs\":[\"https:\\\/\\\/www.facebook.com\\\/edenred.portugal\",\"https:\\\/\\\/www.instagram.com\\\/edenred.portugal\\\/\",\"https:\\\/\\\/www.linkedin.com\\\/company\\\/edenred-portugal\\\/\"]},{\"@type\":\"Person\",\"@id\":\"https:\\\/\\\/edenred.pt\\\/#\\\/schema\\\/person\\\/d8f44f3ed76bdfb743abb900b1b038bb\",\"name\":\"Eduardo Tavares\",\"image\":{\"@type\":\"ImageObject\",\"inLanguage\":\"en-US\",\"@id\":\"https:\\\/\\\/secure.gravatar.com\\\/avatar\\\/5f9496ddb263e597a5a7db1ae5d8b75b0e0a9accb5cbb4606e02aff1b079c3e3?s=96&d=mm&r=g\",\"url\":\"https:\\\/\\\/secure.gravatar.com\\\/avatar\\\/5f9496ddb263e597a5a7db1ae5d8b75b0e0a9accb5cbb4606e02aff1b079c3e3?s=96&d=mm&r=g\",\"contentUrl\":\"https:\\\/\\\/secure.gravatar.com\\\/avatar\\\/5f9496ddb263e597a5a7db1ae5d8b75b0e0a9accb5cbb4606e02aff1b079c3e3?s=96&d=mm&r=g\",\"caption\":\"Eduardo Tavares\"}}]}<\/script>\n<!-- \/ Yoast SEO plugin. -->","yoast_head_json":{"title":"Euroticket Refei\u00e7\u00e3o is Marca Recomendada 2022 - Edenred Portugal","description":"Euroticket Refei\u00e7\u00e3o is among the brands honored with the Marca Recomendada 2022 Award.","robots":{"index":"index","follow":"follow","max-snippet":"max-snippet:-1","max-image-preview":"max-image-preview:large","max-video-preview":"max-video-preview:-1"},"canonical":"https:\/\/www.edenred.pt\/en\/news\/edenred\/euroticket-refeicao-is-marca-recomendada-2022\/","og_locale":"en_US","og_type":"article","og_title":"Euroticket Refei\u00e7\u00e3o is Marca Recomendada 2022 - Edenred Portugal","og_description":"Euroticket Refei\u00e7\u00e3o is among the brands honored with the Marca Recomendada 2022 Award.","og_url":"https:\/\/www.edenred.pt\/en\/news\/edenred\/euroticket-refeicao-is-marca-recomendada-2022\/","og_site_name":"Edenred Portugal","article_publisher":"https:\/\/www.facebook.com\/edenred.portugal","article_published_time":"2022-06-27T14:37:00+00:00","article_modified_time":"2025-01-31T16:30:12+00:00","og_image":[{"width":1798,"height":1080,"url":"https:\/\/edenred.pt\/wp-content\/uploads\/2022\/06\/Marca-Recomendada-2022.jpg","type":"image\/jpeg"}],"author":"Eduardo Tavares","twitter_card":"summary_large_image","twitter_misc":{"Written by":"Eduardo Tavares","Est. reading time":"2 minutes"},"schema":{"@context":"https:\/\/schema.org","@graph":[{"@type":"Article","@id":"https:\/\/www.edenred.pt\/en\/news\/edenred\/euroticket-refeicao-is-marca-recomendada-2022\/#article","isPartOf":{"@id":"https:\/\/www.edenred.pt\/en\/news\/edenred\/euroticket-refeicao-is-marca-recomendada-2022\/"},"author":{"name":"Eduardo Tavares","@id":"https:\/\/edenred.pt\/#\/schema\/person\/d8f44f3ed76bdfb743abb900b1b038bb"},"headline":"Euroticket Refei\u00e7\u00e3o is Marca Recomendada 2022","datePublished":"2022-06-27T14:37:00+00:00","dateModified":"2025-01-31T16:30:12+00:00","mainEntityOfPage":{"@id":"https:\/\/www.edenred.pt\/en\/news\/edenred\/euroticket-refeicao-is-marca-recomendada-2022\/"},"wordCount":152,"publisher":{"@id":"https:\/\/edenred.pt\/#organization"},"image":{"@id":"https:\/\/www.edenred.pt\/en\/news\/edenred\/euroticket-refeicao-is-marca-recomendada-2022\/#primaryimage"},"thumbnailUrl":"https:\/\/www.edenred.pt\/wp-content\/uploads\/2022\/06\/Marca-Recomendada-2022.jpg","keywords":["Edenred Refei\u00e7\u00e3o","Awards"],"articleSection":["Edenred"],"inLanguage":"en-US"},{"@type":"WebPage","@id":"https:\/\/www.edenred.pt\/en\/news\/edenred\/euroticket-refeicao-is-marca-recomendada-2022\/","url":"https:\/\/www.edenred.pt\/en\/news\/edenred\/euroticket-refeicao-is-marca-recomendada-2022\/","name":"Euroticket Refei\u00e7\u00e3o is Marca Recomendada 2022 - Edenred Portugal","isPartOf":{"@id":"https:\/\/edenred.pt\/#website"},"primaryImageOfPage":{"@id":"https:\/\/www.edenred.pt\/en\/news\/edenred\/euroticket-refeicao-is-marca-recomendada-2022\/#primaryimage"},"image":{"@id":"https:\/\/www.edenred.pt\/en\/news\/edenred\/euroticket-refeicao-is-marca-recomendada-2022\/#primaryimage"},"thumbnailUrl":"https:\/\/www.edenred.pt\/wp-content\/uploads\/2022\/06\/Marca-Recomendada-2022.jpg","datePublished":"2022-06-27T14:37:00+00:00","dateModified":"2025-01-31T16:30:12+00:00","description":"Euroticket Refei\u00e7\u00e3o is among the brands honored with the Marca Recomendada 2022 Award.","breadcrumb":{"@id":"https:\/\/www.edenred.pt\/en\/news\/edenred\/euroticket-refeicao-is-marca-recomendada-2022\/#breadcrumb"},"inLanguage":"en-US","potentialAction":[{"@type":"ReadAction","target":["https:\/\/www.edenred.pt\/en\/news\/edenred\/euroticket-refeicao-is-marca-recomendada-2022\/"]}]},{"@type":"ImageObject","inLanguage":"en-US","@id":"https:\/\/www.edenred.pt\/en\/news\/edenred\/euroticket-refeicao-is-marca-recomendada-2022\/#primaryimage","url":"https:\/\/www.edenred.pt\/wp-content\/uploads\/2022\/06\/Marca-Recomendada-2022.jpg","contentUrl":"https:\/\/www.edenred.pt\/wp-content\/uploads\/2022\/06\/Marca-Recomendada-2022.jpg","width":1798,"height":1080,"caption":"Marca Recomendada 2022"},{"@type":"BreadcrumbList","@id":"https:\/\/www.edenred.pt\/en\/news\/edenred\/euroticket-refeicao-is-marca-recomendada-2022\/#breadcrumb","itemListElement":[{"@type":"ListItem","position":1,"name":"Start","item":"https:\/\/www.edenred.pt\/en\/"},{"@type":"ListItem","position":2,"name":"Euroticket Refei\u00e7\u00e3o is Marca Recomendada 2022"}]},{"@type":"WebSite","@id":"https:\/\/edenred.pt\/#website","url":"https:\/\/edenred.pt\/","name":"Edenred Portugal","description":"Edenred Portugal","publisher":{"@id":"https:\/\/edenred.pt\/#organization"},"potentialAction":[{"@type":"SearchAction","target":{"@type":"EntryPoint","urlTemplate":"https:\/\/edenred.pt\/?s={search_term_string}"},"query-input":{"@type":"PropertyValueSpecification","valueRequired":true,"valueName":"search_term_string"}}],"inLanguage":"en-US"},{"@type":"Organization","@id":"https:\/\/edenred.pt\/#organization","name":"Edenred","url":"https:\/\/edenred.pt\/","logo":{"@type":"ImageObject","inLanguage":"en-US","@id":"https:\/\/edenred.pt\/#\/schema\/logo\/image\/","url":"https:\/\/www.edenred.pt\/wp-content\/uploads\/2022\/04\/logo-edenred.png","contentUrl":"https:\/\/www.edenred.pt\/wp-content\/uploads\/2022\/04\/logo-edenred.png","width":176,"height":109,"caption":"Edenred"},"image":{"@id":"https:\/\/edenred.pt\/#\/schema\/logo\/image\/"},"sameAs":["https:\/\/www.facebook.com\/edenred.portugal","https:\/\/www.instagram.com\/edenred.portugal\/","https:\/\/www.linkedin.com\/company\/edenred-portugal\/"]},{"@type":"Person","@id":"https:\/\/edenred.pt\/#\/schema\/person\/d8f44f3ed76bdfb743abb900b1b038bb","name":"Eduardo Tavares","image":{"@type":"ImageObject","inLanguage":"en-US","@id":"https:\/\/secure.gravatar.com\/avatar\/5f9496ddb263e597a5a7db1ae5d8b75b0e0a9accb5cbb4606e02aff1b079c3e3?s=96&d=mm&r=g","url":"https:\/\/secure.gravatar.com\/avatar\/5f9496ddb263e597a5a7db1ae5d8b75b0e0a9accb5cbb4606e02aff1b079c3e3?s=96&d=mm&r=g","contentUrl":"https:\/\/secure.gravatar.com\/avatar\/5f9496ddb263e597a5a7db1ae5d8b75b0e0a9accb5cbb4606e02aff1b079c3e3?s=96&d=mm&r=g","caption":"Eduardo Tavares"}}]}},"_links":{"self":[{"href":"https:\/\/www.edenred.pt\/en\/wp-json\/wp\/v2\/posts\/115961","targetHints":{"allow":["GET"]}}],"collection":[{"href":"https:\/\/www.edenred.pt\/en\/wp-json\/wp\/v2\/posts"}],"about":[{"href":"https:\/\/www.edenred.pt\/en\/wp-json\/wp\/v2\/types\/post"}],"author":[{"embeddable":true,"href":"https:\/\/www.edenred.pt\/en\/wp-json\/wp\/v2\/users\/4"}],"replies":[{"embeddable":true,"href":"https:\/\/www.edenred.pt\/en\/wp-json\/wp\/v2\/comments?post=115961"}],"version-history":[{"count":4,"href":"https:\/\/www.edenred.pt\/en\/wp-json\/wp\/v2\/posts\/115961\/revisions"}],"predecessor-version":[{"id":116878,"href":"https:\/\/www.edenred.pt\/en\/wp-json\/wp\/v2\/posts\/115961\/revisions\/116878"}],"wp:featuredmedia":[{"embeddable":true,"href":"https:\/\/www.edenred.pt\/en\/wp-json\/wp\/v2\/media\/110774"}],"wp:attachment":[{"href":"https:\/\/www.edenred.pt\/en\/wp-json\/wp\/v2\/media?parent=115961"}],"wp:term":[{"taxonomy":"category","embeddable":true,"href":"https:\/\/www.edenred.pt\/en\/wp-json\/wp\/v2\/categories?post=115961"},{"taxonomy":"post_tag","embeddable":true,"href":"https:\/\/www.edenred.pt\/en\/wp-json\/wp\/v2\/tags?post=115961"},{"taxonomy":"target","embeddable":true,"href":"https:\/\/www.edenred.pt\/en\/wp-json\/wp\/v2\/target?post=115961"}],"curies":[{"name":"wp","href":"https:\/\/api.w.org\/{rel}","templated":true}]}}