{"id":117054,"date":"2025-02-12T09:12:49","date_gmt":"2025-02-12T09:12:49","guid":{"rendered":"https:\/\/edenred.pt\/?p=117054"},"modified":"2025-02-25T17:19:23","modified_gmt":"2025-02-25T17:19:23","slug":"havent-linked-your-edenred-card-to-mb-way-yet-3-reasons-to-do-so","status":"publish","type":"post","link":"https:\/\/www.edenred.pt\/en\/news\/edenred\/havent-linked-your-edenred-card-to-mb-way-yet-3-reasons-to-do-so\/","title":{"rendered":"Haven&#8217;t linked your Edenred card to MB WAY yet? 3 Reasons to do so"},"content":{"rendered":"\n<p>Did you know that you can <strong>use your Edenred benefits completely digitally<\/strong>? While Edenred Creche and Edenred Estudante work via the education wallet in the MyEdenred App, the <strong>benefits in card format<\/strong> &#8211; both <a href=\"https:\/\/edenred.pt\/en\/benefits\/edenred-refeicao\/\" target=\"_blank\" rel=\"noreferrer noopener\">Edenred Refei\u00e7\u00e3o<\/a> and <a href=\"https:\/\/edenred.pt\/en\/benefits\/edenred-flexivel\/\" target=\"_blank\" rel=\"noreferrer noopener\">Edenred Flex\u00edvel<\/a> &#8211; can be <strong>linked to MB WAY<\/strong>.<\/p>\n\n\n\n<p>If you have either or both of these cards and have not yet linked them to your <a href=\"https:\/\/www.mbway.pt\/\" target=\"_blank\" rel=\"noreferrer noopener\">MB WAY<\/a> account, here are three good reasons to do so.<\/p>\n\n\n\n<h2 class=\"wp-block-heading\">1 &#8211; Mobile payments<\/h2>\n\n\n\n<p>Forgot your wallet? Don&#8217;t have your card with you? With MB WAY, you can make <strong>payments in physical stores with your <em>smartphone<\/em><\/strong>. All participating establishments that accept payments with Edenred Refei\u00e7\u00e3o or Edenred Flex\u00edvel cards also allow you to use MB WAY via QR Code or NFC.<\/p>\n\n\n\n<p>So use MB WAY to pay with:<\/p>\n\n\n\n<ul class=\"wp-block-list\">\n<li><strong>Edenred Refei\u00e7\u00e3o<\/strong>: restaurants, supermarkets, caf\u00e9s, pastry stores, bakeries, butchers, fishmongers and other food establishments;<\/li>\n\n\n\n<li><strong>Edenred Flex\u00edvel<\/strong>: pharmacies, hospitals, clinics, opticians, stationery stores, bookshops, language schools, among other establishments.<\/li>\n<\/ul>\n\n\n\n<p><a href=\"https:\/\/edenred.pt\/en\/establishments-network\/\" target=\"_blank\" rel=\"noreferrer noopener\">Check out the more than 41,000 establishments in the Edenred network<\/a>.<\/p>\n\n\n\n<h2 class=\"wp-block-heading\">2 &#8211; Shopping in online stores<\/h2>\n\n\n\n<p>As well as being able to use MB WAY in physical establishments, you can also <strong>make payments on websites and online stores<\/strong>. In this case, you need to select this payment method at the <em>checkout<\/em> and enter your phone number to approve the payment. <\/p>\n\n\n\n<p>You can shop online with Edenred Refei\u00e7\u00e3o (at Continente, Auchan, Mercad\u00e3o, 360hyper, Prozis, Celeiro, among other stores) and also with Edenred Flexible (at Wells, FNAC, Bertrand, Staples, WOOK, among other stores).<\/p>\n\n\n\n<p>Discover the <a href=\"https:\/\/edenred.pt\/rede-de-estabelecimentos\/online\/\" target=\"_blank\" rel=\"noreferrer noopener\">websites and online stores that accept payments with Edenred cards via MB WAY<\/a>.<\/p>\n\n\n\n<h2 class=\"wp-block-heading\">3 &#8211; Home delivery orders<\/h2>\n\n\n\n<p>By having your Edenred cards linked to MB WAY, you can not only make purchases in online stores, but also in applications and digital home delivery platforms. Some examples are <a href=\"https:\/\/edenred.pt\/en\/news\/edenred\/edenred-refeicao-available-uber-eats\/\" target=\"_blank\" rel=\"noreferrer noopener\">Uber Eats<\/a>, EatTasty or Dona Marmita, which allow you to order meals and pay with your Edenred meal card. <\/p>\n\n\n\n<p>When confirming your order, choose MB WAY as your payment method and make sure you select Edenred Refei\u00e7\u00e3o (if you have other cards added to your MB WAY).<br><\/p>\n\n\n\n<p><\/p>\n\n\n\n<p>Don&#8217;t have your Edenred cards linked to the MB WAY application yet? <a href=\"https:\/\/edenred.pt\/en\/news\/edenred\/get-more-out-of-your-edenred-refeicao-with-mb-way\/\" target=\"_blank\" rel=\"noreferrer noopener\">The association process is very simple<\/a>:<\/p>\n\n\n\n<p>1 &#8211; Go to an ATM, insert your Edenred Refei\u00e7\u00e3o or Edenred Flex\u00edvel card and select the &#8220;MB WAY\/MB NET&#8221; option;<\/p>\n\n\n\n<p>2 &#8211; Choose the &#8220;MB WAY Membership&#8221; option;<\/p>\n\n\n\n<p>3 &#8211; Enter the cell phone number associated with your MB WAY account and then the PIN you use in this application;<\/p>\n\n\n\n<p>4 &#8211; When you receive the MB WAY notification on your cell phone, confirm the last four digits of your Edenred card number and you&#8217;re done!<\/p>\n","protected":false},"excerpt":{"rendered":"Did you know that you can use your Edenred benefits completely digitally? While Edenred Creche and Edenred Estudante work via the education wallet in the MyEdenred App, the benefits in card format &#8211; both Edenred Refei\u00e7\u00e3o and Edenred Flex\u00edvel &#8211; can be linked to MB WAY. If you have either or both of these cards&#8230;","protected":false},"author":4,"featured_media":117028,"comment_status":"closed","ping_status":"closed","sticky":false,"template":"","format":"standard","meta":{"_acf_changed":false,"content-type":"","inline_featured_image":false,"footnotes":""},"categories":[124],"tags":[],"target":[128],"class_list":["post-117054","post","type-post","status-publish","format-standard","has-post-thumbnail","hentry","category-edenred","target-user"],"acf":[],"yoast_head":"<!-- This site is optimized with the Yoast SEO plugin v27.3 - https:\/\/yoast.com\/product\/yoast-seo-wordpress\/ -->\n<title>Haven&#039;t linked your Edenred card to MB WAY yet? 3 Reasons to do so - Edenred Portugal<\/title>\n<meta name=\"description\" content=\"Did you know that you can use your Edenred Refei\u00e7\u00e3o and Edenred Flex\u00edvel benefits completely digitally via MB WAY?\" \/>\n<meta name=\"robots\" content=\"index, follow, max-snippet:-1, max-image-preview:large, max-video-preview:-1\" \/>\n<link rel=\"canonical\" href=\"https:\/\/www.edenred.pt\/en\/news\/edenred\/havent-linked-your-edenred-card-to-mb-way-yet-3-reasons-to-do-so\/\" \/>\n<meta property=\"og:locale\" content=\"en_US\" \/>\n<meta property=\"og:type\" content=\"article\" \/>\n<meta property=\"og:title\" content=\"Haven&#039;t linked your Edenred card to MB WAY yet? 3 Reasons to do so - Edenred Portugal\" \/>\n<meta property=\"og:description\" content=\"Did you know that you can use your Edenred Refei\u00e7\u00e3o and Edenred Flex\u00edvel benefits completely digitally via MB WAY?\" \/>\n<meta property=\"og:url\" content=\"https:\/\/www.edenred.pt\/en\/news\/edenred\/havent-linked-your-edenred-card-to-mb-way-yet-3-reasons-to-do-so\/\" \/>\n<meta property=\"og:site_name\" content=\"Edenred Portugal\" \/>\n<meta property=\"article:publisher\" content=\"https:\/\/www.facebook.com\/edenred.portugal\" \/>\n<meta property=\"article:published_time\" content=\"2025-02-12T09:12:49+00:00\" \/>\n<meta property=\"article:modified_time\" content=\"2025-02-25T17:19:23+00:00\" \/>\n<meta property=\"og:image\" content=\"https:\/\/edenred.pt\/wp-content\/uploads\/2025\/02\/Razoes-para-associar-o-Edenred-Refeicao-ao-MB-WAY-1.jpg\" \/>\n\t<meta property=\"og:image:width\" content=\"2000\" \/>\n\t<meta property=\"og:image:height\" content=\"1250\" \/>\n\t<meta property=\"og:image:type\" content=\"image\/jpeg\" \/>\n<meta name=\"author\" content=\"Eduardo Tavares\" \/>\n<meta name=\"twitter:card\" content=\"summary_large_image\" \/>\n<meta name=\"twitter:label1\" content=\"Written by\" \/>\n\t<meta name=\"twitter:data1\" content=\"Eduardo Tavares\" \/>\n\t<meta name=\"twitter:label2\" content=\"Est. reading time\" \/>\n\t<meta name=\"twitter:data2\" content=\"2 minutes\" \/>\n<script type=\"application\/ld+json\" class=\"yoast-schema-graph\">{\"@context\":\"https:\\\/\\\/schema.org\",\"@graph\":[{\"@type\":\"Article\",\"@id\":\"https:\\\/\\\/www.edenred.pt\\\/en\\\/news\\\/edenred\\\/havent-linked-your-edenred-card-to-mb-way-yet-3-reasons-to-do-so\\\/#article\",\"isPartOf\":{\"@id\":\"https:\\\/\\\/www.edenred.pt\\\/en\\\/news\\\/edenred\\\/havent-linked-your-edenred-card-to-mb-way-yet-3-reasons-to-do-so\\\/\"},\"author\":{\"name\":\"Eduardo Tavares\",\"@id\":\"https:\\\/\\\/edenred.pt\\\/#\\\/schema\\\/person\\\/d8f44f3ed76bdfb743abb900b1b038bb\"},\"headline\":\"Haven&#8217;t linked your Edenred card to MB WAY yet? 3 Reasons to do so\",\"datePublished\":\"2025-02-12T09:12:49+00:00\",\"dateModified\":\"2025-02-25T17:19:23+00:00\",\"mainEntityOfPage\":{\"@id\":\"https:\\\/\\\/www.edenred.pt\\\/en\\\/news\\\/edenred\\\/havent-linked-your-edenred-card-to-mb-way-yet-3-reasons-to-do-so\\\/\"},\"wordCount\":462,\"publisher\":{\"@id\":\"https:\\\/\\\/edenred.pt\\\/#organization\"},\"image\":{\"@id\":\"https:\\\/\\\/www.edenred.pt\\\/en\\\/news\\\/edenred\\\/havent-linked-your-edenred-card-to-mb-way-yet-3-reasons-to-do-so\\\/#primaryimage\"},\"thumbnailUrl\":\"https:\\\/\\\/www.edenred.pt\\\/wp-content\\\/uploads\\\/2025\\\/02\\\/Razoes-para-associar-o-Edenred-Refeicao-ao-MB-WAY-1.jpg\",\"articleSection\":[\"Edenred\"],\"inLanguage\":\"en-US\"},{\"@type\":\"WebPage\",\"@id\":\"https:\\\/\\\/www.edenred.pt\\\/en\\\/news\\\/edenred\\\/havent-linked-your-edenred-card-to-mb-way-yet-3-reasons-to-do-so\\\/\",\"url\":\"https:\\\/\\\/www.edenred.pt\\\/en\\\/news\\\/edenred\\\/havent-linked-your-edenred-card-to-mb-way-yet-3-reasons-to-do-so\\\/\",\"name\":\"Haven't linked your Edenred card to MB WAY yet? 3 Reasons to do so - Edenred Portugal\",\"isPartOf\":{\"@id\":\"https:\\\/\\\/edenred.pt\\\/#website\"},\"primaryImageOfPage\":{\"@id\":\"https:\\\/\\\/www.edenred.pt\\\/en\\\/news\\\/edenred\\\/havent-linked-your-edenred-card-to-mb-way-yet-3-reasons-to-do-so\\\/#primaryimage\"},\"image\":{\"@id\":\"https:\\\/\\\/www.edenred.pt\\\/en\\\/news\\\/edenred\\\/havent-linked-your-edenred-card-to-mb-way-yet-3-reasons-to-do-so\\\/#primaryimage\"},\"thumbnailUrl\":\"https:\\\/\\\/www.edenred.pt\\\/wp-content\\\/uploads\\\/2025\\\/02\\\/Razoes-para-associar-o-Edenred-Refeicao-ao-MB-WAY-1.jpg\",\"datePublished\":\"2025-02-12T09:12:49+00:00\",\"dateModified\":\"2025-02-25T17:19:23+00:00\",\"description\":\"Did you know that you can use your Edenred Refei\u00e7\u00e3o and Edenred Flex\u00edvel benefits completely digitally via MB WAY?\",\"breadcrumb\":{\"@id\":\"https:\\\/\\\/www.edenred.pt\\\/en\\\/news\\\/edenred\\\/havent-linked-your-edenred-card-to-mb-way-yet-3-reasons-to-do-so\\\/#breadcrumb\"},\"inLanguage\":\"en-US\",\"potentialAction\":[{\"@type\":\"ReadAction\",\"target\":[\"https:\\\/\\\/www.edenred.pt\\\/en\\\/news\\\/edenred\\\/havent-linked-your-edenred-card-to-mb-way-yet-3-reasons-to-do-so\\\/\"]}]},{\"@type\":\"ImageObject\",\"inLanguage\":\"en-US\",\"@id\":\"https:\\\/\\\/www.edenred.pt\\\/en\\\/news\\\/edenred\\\/havent-linked-your-edenred-card-to-mb-way-yet-3-reasons-to-do-so\\\/#primaryimage\",\"url\":\"https:\\\/\\\/www.edenred.pt\\\/wp-content\\\/uploads\\\/2025\\\/02\\\/Razoes-para-associar-o-Edenred-Refeicao-ao-MB-WAY-1.jpg\",\"contentUrl\":\"https:\\\/\\\/www.edenred.pt\\\/wp-content\\\/uploads\\\/2025\\\/02\\\/Razoes-para-associar-o-Edenred-Refeicao-ao-MB-WAY-1.jpg\",\"width\":2000,\"height\":1250,\"caption\":\"Raz\u00f5es para associar o Edenred Refei\u00e7\u00e3o ao MB WAY\"},{\"@type\":\"BreadcrumbList\",\"@id\":\"https:\\\/\\\/www.edenred.pt\\\/en\\\/news\\\/edenred\\\/havent-linked-your-edenred-card-to-mb-way-yet-3-reasons-to-do-so\\\/#breadcrumb\",\"itemListElement\":[{\"@type\":\"ListItem\",\"position\":1,\"name\":\"Start\",\"item\":\"https:\\\/\\\/www.edenred.pt\\\/en\\\/\"},{\"@type\":\"ListItem\",\"position\":2,\"name\":\"Haven&#8217;t linked your Edenred card to MB WAY yet? 3 Reasons to do so\"}]},{\"@type\":\"WebSite\",\"@id\":\"https:\\\/\\\/edenred.pt\\\/#website\",\"url\":\"https:\\\/\\\/edenred.pt\\\/\",\"name\":\"Edenred Portugal\",\"description\":\"Edenred Portugal\",\"publisher\":{\"@id\":\"https:\\\/\\\/edenred.pt\\\/#organization\"},\"potentialAction\":[{\"@type\":\"SearchAction\",\"target\":{\"@type\":\"EntryPoint\",\"urlTemplate\":\"https:\\\/\\\/edenred.pt\\\/?s={search_term_string}\"},\"query-input\":{\"@type\":\"PropertyValueSpecification\",\"valueRequired\":true,\"valueName\":\"search_term_string\"}}],\"inLanguage\":\"en-US\"},{\"@type\":\"Organization\",\"@id\":\"https:\\\/\\\/edenred.pt\\\/#organization\",\"name\":\"Edenred\",\"url\":\"https:\\\/\\\/edenred.pt\\\/\",\"logo\":{\"@type\":\"ImageObject\",\"inLanguage\":\"en-US\",\"@id\":\"https:\\\/\\\/edenred.pt\\\/#\\\/schema\\\/logo\\\/image\\\/\",\"url\":\"https:\\\/\\\/www.edenred.pt\\\/wp-content\\\/uploads\\\/2022\\\/04\\\/logo-edenred.png\",\"contentUrl\":\"https:\\\/\\\/www.edenred.pt\\\/wp-content\\\/uploads\\\/2022\\\/04\\\/logo-edenred.png\",\"width\":176,\"height\":109,\"caption\":\"Edenred\"},\"image\":{\"@id\":\"https:\\\/\\\/edenred.pt\\\/#\\\/schema\\\/logo\\\/image\\\/\"},\"sameAs\":[\"https:\\\/\\\/www.facebook.com\\\/edenred.portugal\",\"https:\\\/\\\/www.instagram.com\\\/edenred.portugal\\\/\",\"https:\\\/\\\/www.linkedin.com\\\/company\\\/edenred-portugal\\\/\"]},{\"@type\":\"Person\",\"@id\":\"https:\\\/\\\/edenred.pt\\\/#\\\/schema\\\/person\\\/d8f44f3ed76bdfb743abb900b1b038bb\",\"name\":\"Eduardo Tavares\",\"image\":{\"@type\":\"ImageObject\",\"inLanguage\":\"en-US\",\"@id\":\"https:\\\/\\\/secure.gravatar.com\\\/avatar\\\/5f9496ddb263e597a5a7db1ae5d8b75b0e0a9accb5cbb4606e02aff1b079c3e3?s=96&d=mm&r=g\",\"url\":\"https:\\\/\\\/secure.gravatar.com\\\/avatar\\\/5f9496ddb263e597a5a7db1ae5d8b75b0e0a9accb5cbb4606e02aff1b079c3e3?s=96&d=mm&r=g\",\"contentUrl\":\"https:\\\/\\\/secure.gravatar.com\\\/avatar\\\/5f9496ddb263e597a5a7db1ae5d8b75b0e0a9accb5cbb4606e02aff1b079c3e3?s=96&d=mm&r=g\",\"caption\":\"Eduardo Tavares\"}}]}<\/script>\n<!-- \/ Yoast SEO plugin. -->","yoast_head_json":{"title":"Haven't linked your Edenred card to MB WAY yet? 3 Reasons to do so - Edenred Portugal","description":"Did you know that you can use your Edenred Refei\u00e7\u00e3o and Edenred Flex\u00edvel benefits completely digitally via MB WAY?","robots":{"index":"index","follow":"follow","max-snippet":"max-snippet:-1","max-image-preview":"max-image-preview:large","max-video-preview":"max-video-preview:-1"},"canonical":"https:\/\/www.edenred.pt\/en\/news\/edenred\/havent-linked-your-edenred-card-to-mb-way-yet-3-reasons-to-do-so\/","og_locale":"en_US","og_type":"article","og_title":"Haven't linked your Edenred card to MB WAY yet? 3 Reasons to do so - Edenred Portugal","og_description":"Did you know that you can use your Edenred Refei\u00e7\u00e3o and Edenred Flex\u00edvel benefits completely digitally via MB WAY?","og_url":"https:\/\/www.edenred.pt\/en\/news\/edenred\/havent-linked-your-edenred-card-to-mb-way-yet-3-reasons-to-do-so\/","og_site_name":"Edenred Portugal","article_publisher":"https:\/\/www.facebook.com\/edenred.portugal","article_published_time":"2025-02-12T09:12:49+00:00","article_modified_time":"2025-02-25T17:19:23+00:00","og_image":[{"width":2000,"height":1250,"url":"https:\/\/edenred.pt\/wp-content\/uploads\/2025\/02\/Razoes-para-associar-o-Edenred-Refeicao-ao-MB-WAY-1.jpg","type":"image\/jpeg"}],"author":"Eduardo Tavares","twitter_card":"summary_large_image","twitter_misc":{"Written by":"Eduardo Tavares","Est. reading time":"2 minutes"},"schema":{"@context":"https:\/\/schema.org","@graph":[{"@type":"Article","@id":"https:\/\/www.edenred.pt\/en\/news\/edenred\/havent-linked-your-edenred-card-to-mb-way-yet-3-reasons-to-do-so\/#article","isPartOf":{"@id":"https:\/\/www.edenred.pt\/en\/news\/edenred\/havent-linked-your-edenred-card-to-mb-way-yet-3-reasons-to-do-so\/"},"author":{"name":"Eduardo Tavares","@id":"https:\/\/edenred.pt\/#\/schema\/person\/d8f44f3ed76bdfb743abb900b1b038bb"},"headline":"Haven&#8217;t linked your Edenred card to MB WAY yet? 3 Reasons to do so","datePublished":"2025-02-12T09:12:49+00:00","dateModified":"2025-02-25T17:19:23+00:00","mainEntityOfPage":{"@id":"https:\/\/www.edenred.pt\/en\/news\/edenred\/havent-linked-your-edenred-card-to-mb-way-yet-3-reasons-to-do-so\/"},"wordCount":462,"publisher":{"@id":"https:\/\/edenred.pt\/#organization"},"image":{"@id":"https:\/\/www.edenred.pt\/en\/news\/edenred\/havent-linked-your-edenred-card-to-mb-way-yet-3-reasons-to-do-so\/#primaryimage"},"thumbnailUrl":"https:\/\/www.edenred.pt\/wp-content\/uploads\/2025\/02\/Razoes-para-associar-o-Edenred-Refeicao-ao-MB-WAY-1.jpg","articleSection":["Edenred"],"inLanguage":"en-US"},{"@type":"WebPage","@id":"https:\/\/www.edenred.pt\/en\/news\/edenred\/havent-linked-your-edenred-card-to-mb-way-yet-3-reasons-to-do-so\/","url":"https:\/\/www.edenred.pt\/en\/news\/edenred\/havent-linked-your-edenred-card-to-mb-way-yet-3-reasons-to-do-so\/","name":"Haven't linked your Edenred card to MB WAY yet? 3 Reasons to do so - Edenred Portugal","isPartOf":{"@id":"https:\/\/edenred.pt\/#website"},"primaryImageOfPage":{"@id":"https:\/\/www.edenred.pt\/en\/news\/edenred\/havent-linked-your-edenred-card-to-mb-way-yet-3-reasons-to-do-so\/#primaryimage"},"image":{"@id":"https:\/\/www.edenred.pt\/en\/news\/edenred\/havent-linked-your-edenred-card-to-mb-way-yet-3-reasons-to-do-so\/#primaryimage"},"thumbnailUrl":"https:\/\/www.edenred.pt\/wp-content\/uploads\/2025\/02\/Razoes-para-associar-o-Edenred-Refeicao-ao-MB-WAY-1.jpg","datePublished":"2025-02-12T09:12:49+00:00","dateModified":"2025-02-25T17:19:23+00:00","description":"Did you know that you can use your Edenred Refei\u00e7\u00e3o and Edenred Flex\u00edvel benefits completely digitally via MB WAY?","breadcrumb":{"@id":"https:\/\/www.edenred.pt\/en\/news\/edenred\/havent-linked-your-edenred-card-to-mb-way-yet-3-reasons-to-do-so\/#breadcrumb"},"inLanguage":"en-US","potentialAction":[{"@type":"ReadAction","target":["https:\/\/www.edenred.pt\/en\/news\/edenred\/havent-linked-your-edenred-card-to-mb-way-yet-3-reasons-to-do-so\/"]}]},{"@type":"ImageObject","inLanguage":"en-US","@id":"https:\/\/www.edenred.pt\/en\/news\/edenred\/havent-linked-your-edenred-card-to-mb-way-yet-3-reasons-to-do-so\/#primaryimage","url":"https:\/\/www.edenred.pt\/wp-content\/uploads\/2025\/02\/Razoes-para-associar-o-Edenred-Refeicao-ao-MB-WAY-1.jpg","contentUrl":"https:\/\/www.edenred.pt\/wp-content\/uploads\/2025\/02\/Razoes-para-associar-o-Edenred-Refeicao-ao-MB-WAY-1.jpg","width":2000,"height":1250,"caption":"Raz\u00f5es para associar o Edenred Refei\u00e7\u00e3o ao MB WAY"},{"@type":"BreadcrumbList","@id":"https:\/\/www.edenred.pt\/en\/news\/edenred\/havent-linked-your-edenred-card-to-mb-way-yet-3-reasons-to-do-so\/#breadcrumb","itemListElement":[{"@type":"ListItem","position":1,"name":"Start","item":"https:\/\/www.edenred.pt\/en\/"},{"@type":"ListItem","position":2,"name":"Haven&#8217;t linked your Edenred card to MB WAY yet? 3 Reasons to do so"}]},{"@type":"WebSite","@id":"https:\/\/edenred.pt\/#website","url":"https:\/\/edenred.pt\/","name":"Edenred Portugal","description":"Edenred Portugal","publisher":{"@id":"https:\/\/edenred.pt\/#organization"},"potentialAction":[{"@type":"SearchAction","target":{"@type":"EntryPoint","urlTemplate":"https:\/\/edenred.pt\/?s={search_term_string}"},"query-input":{"@type":"PropertyValueSpecification","valueRequired":true,"valueName":"search_term_string"}}],"inLanguage":"en-US"},{"@type":"Organization","@id":"https:\/\/edenred.pt\/#organization","name":"Edenred","url":"https:\/\/edenred.pt\/","logo":{"@type":"ImageObject","inLanguage":"en-US","@id":"https:\/\/edenred.pt\/#\/schema\/logo\/image\/","url":"https:\/\/www.edenred.pt\/wp-content\/uploads\/2022\/04\/logo-edenred.png","contentUrl":"https:\/\/www.edenred.pt\/wp-content\/uploads\/2022\/04\/logo-edenred.png","width":176,"height":109,"caption":"Edenred"},"image":{"@id":"https:\/\/edenred.pt\/#\/schema\/logo\/image\/"},"sameAs":["https:\/\/www.facebook.com\/edenred.portugal","https:\/\/www.instagram.com\/edenred.portugal\/","https:\/\/www.linkedin.com\/company\/edenred-portugal\/"]},{"@type":"Person","@id":"https:\/\/edenred.pt\/#\/schema\/person\/d8f44f3ed76bdfb743abb900b1b038bb","name":"Eduardo Tavares","image":{"@type":"ImageObject","inLanguage":"en-US","@id":"https:\/\/secure.gravatar.com\/avatar\/5f9496ddb263e597a5a7db1ae5d8b75b0e0a9accb5cbb4606e02aff1b079c3e3?s=96&d=mm&r=g","url":"https:\/\/secure.gravatar.com\/avatar\/5f9496ddb263e597a5a7db1ae5d8b75b0e0a9accb5cbb4606e02aff1b079c3e3?s=96&d=mm&r=g","contentUrl":"https:\/\/secure.gravatar.com\/avatar\/5f9496ddb263e597a5a7db1ae5d8b75b0e0a9accb5cbb4606e02aff1b079c3e3?s=96&d=mm&r=g","caption":"Eduardo Tavares"}}]}},"_links":{"self":[{"href":"https:\/\/www.edenred.pt\/en\/wp-json\/wp\/v2\/posts\/117054","targetHints":{"allow":["GET"]}}],"collection":[{"href":"https:\/\/www.edenred.pt\/en\/wp-json\/wp\/v2\/posts"}],"about":[{"href":"https:\/\/www.edenred.pt\/en\/wp-json\/wp\/v2\/types\/post"}],"author":[{"embeddable":true,"href":"https:\/\/www.edenred.pt\/en\/wp-json\/wp\/v2\/users\/4"}],"replies":[{"embeddable":true,"href":"https:\/\/www.edenred.pt\/en\/wp-json\/wp\/v2\/comments?post=117054"}],"version-history":[{"count":3,"href":"https:\/\/www.edenred.pt\/en\/wp-json\/wp\/v2\/posts\/117054\/revisions"}],"predecessor-version":[{"id":117100,"href":"https:\/\/www.edenred.pt\/en\/wp-json\/wp\/v2\/posts\/117054\/revisions\/117100"}],"wp:featuredmedia":[{"embeddable":true,"href":"https:\/\/www.edenred.pt\/en\/wp-json\/wp\/v2\/media\/117028"}],"wp:attachment":[{"href":"https:\/\/www.edenred.pt\/en\/wp-json\/wp\/v2\/media?parent=117054"}],"wp:term":[{"taxonomy":"category","embeddable":true,"href":"https:\/\/www.edenred.pt\/en\/wp-json\/wp\/v2\/categories?post=117054"},{"taxonomy":"post_tag","embeddable":true,"href":"https:\/\/www.edenred.pt\/en\/wp-json\/wp\/v2\/tags?post=117054"},{"taxonomy":"target","embeddable":true,"href":"https:\/\/www.edenred.pt\/en\/wp-json\/wp\/v2\/target?post=117054"}],"curies":[{"name":"wp","href":"https:\/\/api.w.org\/{rel}","templated":true}]}}